{"id":68462,"date":"2026-01-14T09:39:00","date_gmt":"2026-01-14T09:39:00","guid":{"rendered":"https:\/\/skfks.pl\/?p=68462"},"modified":"2026-01-15T11:01:00","modified_gmt":"2026-01-15T11:01:00","slug":"gratulacje","status":"publish","type":"post","link":"https:\/\/skfks.pl\/?p=68462","title":{"rendered":"Gratulacje!"},"content":{"rendered":"\n<p>Mi\u0142o nam poinformowa\u0107, \u017ce dwie nasze zawodniczki: ZUZANNA KASI\u0143SKA oraz NINA SZCZOTKA zosta\u0142y powo\u0142ane na konsultacje kadr wojew\u00f3dzkich rocznika 2011&nbsp;<img decoding=\"async\" loading=\"lazy\" height=\"16\" width=\"16\" alt=\"\u2764\ufe0f\" src=\"https:\/\/static.xx.fbcdn.net\/images\/emoji.php\/v9\/t6c\/1\/16\/2764.png\"><img decoding=\"async\" loading=\"lazy\" height=\"16\" width=\"16\" alt=\"\ud83d\udc4f\" src=\"https:\/\/static.xx.fbcdn.net\/images\/emoji.php\/v9\/tfe\/1\/16\/1f44f.png\"><\/p>\n\n\n\n<p>Ich zaanga\u017cowanie i dobra postawa podczas trwaj\u0105cego sezonu znalaz\u0142a uznanie w\u015br\u00f3d trener\u00f3w kadr wojew\u00f3dzkich, a na co dzie\u0144 dziewczyny trenuj\u0105 pod okiem trenera Grzegorza \u0141uszczewskiego&nbsp;<img decoding=\"async\" loading=\"lazy\" height=\"16\" width=\"16\" alt=\"\ud83d\udc4f\" src=\"https:\/\/static.xx.fbcdn.net\/images\/emoji.php\/v9\/tfe\/1\/16\/1f44f.png\"><\/p>\n\n\n\n<p>Brawa dziewczyny! Jeste\u015bmy z Was dumni!!!\u00a0<img decoding=\"async\" loading=\"lazy\" height=\"16\" width=\"16\" src=\"https:\/\/static.xx.fbcdn.net\/images\/emoji.php\/v9\/t6c\/1\/16\/2764.png\" alt=\"\u2764\ufe0f\"><\/p>\n\n\n\n<figure class=\"wp-block-image size-large\"><img decoding=\"async\" loading=\"lazy\" width=\"771\" height=\"1024\" src=\"http:\/\/skfks.pl\/wp-content\/uploads\/2026\/01\/615409278_17955160200054026_8047823739020213613_n-771x1024.jpg\" alt=\"\" class=\"wp-image-68464\" srcset=\"https:\/\/skfks.pl\/wp-content\/uploads\/2026\/01\/615409278_17955160200054026_8047823739020213613_n-771x1024.jpg 771w, https:\/\/skfks.pl\/wp-content\/uploads\/2026\/01\/615409278_17955160200054026_8047823739020213613_n-226x300.jpg 226w, https:\/\/skfks.pl\/wp-content\/uploads\/2026\/01\/615409278_17955160200054026_8047823739020213613_n-768x1020.jpg 768w, https:\/\/skfks.pl\/wp-content\/uploads\/2026\/01\/615409278_17955160200054026_8047823739020213613_n-1157x1536.jpg 1157w, https:\/\/skfks.pl\/wp-content\/uploads\/2026\/01\/615409278_17955160200054026_8047823739020213613_n.jpg 1440w\" sizes=\"(max-width: 771px) 100vw, 771px\" \/><\/figure>\n","protected":false},"excerpt":{"rendered":"<p>Mi\u0142o nam poinformowa\u0107, \u017ce dwie nasze zawodniczki: ZUZANNA KASI\u0143SKA oraz NINA SZCZOTKA zosta\u0142y powo\u0142ane na konsultacje kadr wojew\u00f3dzkich rocznika 2011&nbsp; Ich zaanga\u017cowanie i dobra postawa podczas trwaj\u0105cego sezonu znalaz\u0142a uznanie w\u015br\u00f3d trener\u00f3w kadr wojew\u00f3dzkich, a na co dzie\u0144 dziewczyny trenuj\u0105 pod okiem trenera Grzegorza \u0141uszczewskiego&nbsp; Brawa dziewczyny! Jeste\u015bmy z Was dumni!!!\u00a0<\/p>\n","protected":false},"author":4,"featured_media":68464,"comment_status":"closed","ping_status":"closed","sticky":false,"template":"","format":"standard","meta":{"ngg_post_thumbnail":0},"categories":[3],"tags":[],"_links":{"self":[{"href":"https:\/\/skfks.pl\/index.php?rest_route=\/wp\/v2\/posts\/68462"}],"collection":[{"href":"https:\/\/skfks.pl\/index.php?rest_route=\/wp\/v2\/posts"}],"about":[{"href":"https:\/\/skfks.pl\/index.php?rest_route=\/wp\/v2\/types\/post"}],"author":[{"embeddable":true,"href":"https:\/\/skfks.pl\/index.php?rest_route=\/wp\/v2\/users\/4"}],"replies":[{"embeddable":true,"href":"https:\/\/skfks.pl\/index.php?rest_route=%2Fwp%2Fv2%2Fcomments&post=68462"}],"version-history":[{"count":2,"href":"https:\/\/skfks.pl\/index.php?rest_route=\/wp\/v2\/posts\/68462\/revisions"}],"predecessor-version":[{"id":68480,"href":"https:\/\/skfks.pl\/index.php?rest_route=\/wp\/v2\/posts\/68462\/revisions\/68480"}],"wp:featuredmedia":[{"embeddable":true,"href":"https:\/\/skfks.pl\/index.php?rest_route=\/wp\/v2\/media\/68464"}],"wp:attachment":[{"href":"https:\/\/skfks.pl\/index.php?rest_route=%2Fwp%2Fv2%2Fmedia&parent=68462"}],"wp:term":[{"taxonomy":"category","embeddable":true,"href":"https:\/\/skfks.pl\/index.php?rest_route=%2Fwp%2Fv2%2Fcategories&post=68462"},{"taxonomy":"post_tag","embeddable":true,"href":"https:\/\/skfks.pl\/index.php?rest_route=%2Fwp%2Fv2%2Ftags&post=68462"}],"curies":[{"name":"wp","href":"https:\/\/api.w.org\/{rel}","templated":true}]}}