{"id":68419,"date":"2025-12-29T08:27:33","date_gmt":"2025-12-29T08:27:33","guid":{"rendered":"https:\/\/skfks.pl\/?p=68419"},"modified":"2025-12-29T08:28:27","modified_gmt":"2025-12-29T08:28:27","slug":"zmarl-marian-malak","status":"publish","type":"post","link":"https:\/\/skfks.pl\/?p=68419","title":{"rendered":"Zmar\u0142 Marian Malak"},"content":{"rendered":"\n<p>Z g\u0142\u0119bokim smutkiem i ogromnym \u017calem Rodzina Wielkopolskiej Siatk\u00f3wki przyj\u0119\u0142a<br>wiadomo\u015b\u0107 o \u015bmierci<br><strong>\u015aP. MARIANA MALAKA<\/strong><br>legendarnego, wybitnego trenera pi\u0142ki siatkowej, pedagoga i wychowawcy wielu pokole\u0144<br>sportowc\u00f3w, a przede wszystkim wspania\u0142ego Cz\u0142owieka i Przyjaciela.<br>Marian Malak zmar\u0142 27 grudnia 2025 r.<br>Ostatnie po\u017cegnanie odb\u0119dzie si\u0119<br>na cmentarzu junikowskim w Poznaniu, 5 stycznia 2026 r. o godz. 14.30.<\/p>\n\n\n\n<p>Odszed\u0142 od nas cz\u0142owiek pe\u0142en pasji, ciep\u0142a i zaanga\u017cowania, kt\u00f3ry pozostanie w naszej<br>pami\u0119ci jako wz\u00f3r do na\u015bladowania i wspania\u0142y przyjaciel m\u0142odzie\u017cy. Jego wk\u0142ad w rozw\u00f3j<br>siatk\u00f3wki w regionie jest nieoceniony i niezapomniany.<br>Marian Malak&nbsp;na zawsze pozostanie w naszych sercach i pami\u0119ci.<br>Rodzinie i Najbli\u017cszym Zmar\u0142ego wyrazy najg\u0142\u0119bszego wsp\u00f3\u0142czucia sk\u0142ada<br>Zarz\u0105d i ca\u0142a spo\u0142eczno\u015b\u0107 Wielkopolskiego Zwi\u0105zku Pi\u0142ki Siatkowej w Poznaniu<\/p>\n\n\n\n<p>Cze\u015b\u0107 Jego Pami\u0119ci!<\/p>\n\n\n\n<figure class=\"wp-block-image size-large\"><img decoding=\"async\" loading=\"lazy\" width=\"1024\" height=\"384\" src=\"http:\/\/skfks.pl\/wp-content\/uploads\/2024\/10\/cropped-Front-1-1-1024x384.png\" alt=\"\" class=\"wp-image-65935\" srcset=\"https:\/\/skfks.pl\/wp-content\/uploads\/2024\/10\/cropped-Front-1-1-1024x384.png 1024w, https:\/\/skfks.pl\/wp-content\/uploads\/2024\/10\/cropped-Front-1-1-300x113.png 300w, https:\/\/skfks.pl\/wp-content\/uploads\/2024\/10\/cropped-Front-1-1-768x288.png 768w, https:\/\/skfks.pl\/wp-content\/uploads\/2024\/10\/cropped-Front-1-1-1536x576.png 1536w, https:\/\/skfks.pl\/wp-content\/uploads\/2024\/10\/cropped-Front-1-1.png 1600w\" sizes=\"(max-width: 1024px) 100vw, 1024px\" \/><\/figure>\n","protected":false},"excerpt":{"rendered":"<p>Z g\u0142\u0119bokim smutkiem i ogromnym \u017calem Rodzina Wielkopolskiej Siatk\u00f3wki przyj\u0119\u0142awiadomo\u015b\u0107 o \u015bmierci\u015aP. MARIANA MALAKAlegendarnego, wybitnego trenera pi\u0142ki siatkowej, pedagoga i wychowawcy wielu pokole\u0144sportowc\u00f3w, a przede wszystkim wspania\u0142ego Cz\u0142owieka i Przyjaciela.Marian Malak zmar\u0142 27 grudnia 2025 r.Ostatnie po\u017cegnanie odb\u0119dzie si\u0119na cmentarzu junikowskim w Poznaniu, 5 stycznia 2026 r. o godz. 14.30. Odszed\u0142 od nas cz\u0142owiek pe\u0142en [&hellip;]<\/p>\n","protected":false},"author":4,"featured_media":65938,"comment_status":"closed","ping_status":"closed","sticky":false,"template":"","format":"standard","meta":{"ngg_post_thumbnail":0},"categories":[3],"tags":[],"_links":{"self":[{"href":"https:\/\/skfks.pl\/index.php?rest_route=\/wp\/v2\/posts\/68419"}],"collection":[{"href":"https:\/\/skfks.pl\/index.php?rest_route=\/wp\/v2\/posts"}],"about":[{"href":"https:\/\/skfks.pl\/index.php?rest_route=\/wp\/v2\/types\/post"}],"author":[{"embeddable":true,"href":"https:\/\/skfks.pl\/index.php?rest_route=\/wp\/v2\/users\/4"}],"replies":[{"embeddable":true,"href":"https:\/\/skfks.pl\/index.php?rest_route=%2Fwp%2Fv2%2Fcomments&post=68419"}],"version-history":[{"count":1,"href":"https:\/\/skfks.pl\/index.php?rest_route=\/wp\/v2\/posts\/68419\/revisions"}],"predecessor-version":[{"id":68421,"href":"https:\/\/skfks.pl\/index.php?rest_route=\/wp\/v2\/posts\/68419\/revisions\/68421"}],"wp:featuredmedia":[{"embeddable":true,"href":"https:\/\/skfks.pl\/index.php?rest_route=\/wp\/v2\/media\/65938"}],"wp:attachment":[{"href":"https:\/\/skfks.pl\/index.php?rest_route=%2Fwp%2Fv2%2Fmedia&parent=68419"}],"wp:term":[{"taxonomy":"category","embeddable":true,"href":"https:\/\/skfks.pl\/index.php?rest_route=%2Fwp%2Fv2%2Fcategories&post=68419"},{"taxonomy":"post_tag","embeddable":true,"href":"https:\/\/skfks.pl\/index.php?rest_route=%2Fwp%2Fv2%2Ftags&post=68419"}],"curies":[{"name":"wp","href":"https:\/\/api.w.org\/{rel}","templated":true}]}}