{"id":67923,"date":"2025-10-13T03:01:05","date_gmt":"2025-10-13T03:01:05","guid":{"rendered":"https:\/\/skfks.pl\/?p=67923"},"modified":"2025-10-13T03:02:19","modified_gmt":"2025-10-13T03:02:19","slug":"michal-rek-poziom-siatkowki-w-wielkopolsce-jest-bardzo-wysoki-rozmowa","status":"publish","type":"post","link":"https:\/\/skfks.pl\/?p=67923","title":{"rendered":"Micha\u0142 Rek: &#8222;Poziom siatk\u00f3wki w Wielkopolsce jest bardzo wysoki&#8221; &#8211; rozmowa"},"content":{"rendered":"\n<p><strong>Witam serdecznie czym dla Pana jest klub Orze\u0142 Osiecza?<\/strong><\/p>\n\n\n\n<p>Micha\u0142: <em>Orze\u0142 Osiecza to klub sportowy w mojej rodzinnej miejscowo\u015bci. Pocz\u0105tki istnienia naszego klubu si\u0119gaj\u0105 lat 70-tych XX wieku. Zosta\u0142 on reaktywowany w 2003r. Od tamtego czasu pe\u0142ni\u0142em funkcj\u0119 najpierw sekretarza, p\u00f3\u017aniej skarbnika, nast\u0119pnie wiceprezesa. Aktualnie, od 2012 roku pe\u0142ni\u0119 funkcj\u0119 prezesa klubu. W ramach dzia\u0142alno\u015bci klubu skupiamy si\u0119 g\u0142\u00f3wnie na siatk\u00f3wce, wcze\u015bniej aktywnie dzia\u0142a\u0142a te\u017c sekcja pi\u0142ki no\u017cnej. Mimo, \u017ce nasz klub siedzib\u0119 ma w niewielkiej miejscowo\u015bci, to mo\u017cemy poszczyci\u0107 si\u0119 ju\u017c sporymi sukcesami takimi jak dwukrotne Mistrzostwo Wielkopolski w Pi\u0142ce Siatkowej M\u0119\u017cczyzn w sezonach 2017\/2018 i 2018\/2019. Nasi siatkarze zaj\u0119li tak\u017ce III miejsce w Mistrzostwach Wielkopolski III ligi WZPS w sezonie 2020\/2021. Nasi zawodnicy osi\u0105gaj\u0105 te\u017c liczne sukcesy na arenie lokalnej, reprezentuj\u0105 Gmin\u0119 Rzg\u00f3w i Powiat Koni\u0144ski podczas Letnich i Zimowych Spartakiad Mieszka\u0144c\u00f3w Wsi<\/em><\/p>\n\n\n\n<p><strong>Jak ocenia Pan poziom siatk\u00f3wki w Wielkopolsce?<\/strong><\/p>\n\n\n\n<p>Micha\u0142: <em>Poziom siatk\u00f3wki w Wielkopolsce jest bardzo wysoki, szczeg\u00f3lnie je\u015bli chodzi o dru\u017cyny m\u0142odzie\u017cowe czy \u017ce\u0144skie. Ubolewam, \u017ce aktualnie nie mamy m\u0119skiej dru\u017cyny seniorskiej w Plus Lidze. Razem z cz\u0142onkami naszego klubu co jaki\u015b czas wybieramy si\u0119 na mecze profesjonalnych lig m\u0119skich i \u017ce\u0144skich oraz mecze reprezentacji Polski. Fajnie by\u0142oby obejrze\u0107 \u201ew akcji\u201d na najwy\u017cszym poziomie nasze dru\u017cyny z Wielkopolski.<\/em><\/p>\n\n\n\n<p><strong>Jakim dzia\u0142aczem jest Micha\u0142 Rek?<\/strong><\/p>\n\n\n\n<p>Micha<em>\u0142: Pracuje w szkole jako nauczyciel, wi\u0119c ju\u017c w samej szkole du\u017co si\u0119 dzieje. A poza prac\u0105 staram si\u0119 dzia\u0142a\u0107 aktywnie na rzecz naszej spo\u0142eczno\u015bci, opr\u00f3cz wspomnianego wy\u017cej klubu sportowego LZS Orze\u0142 Osiecza, jestem tak\u017ce Radnym Gminy Rzg\u00f3w oraz Sekretarzem i Kierownikiem pi\u0142karskiej dru\u017cyny GKS Rzg\u00f3w. Pe\u0142ni\u0119 tak\u017ce funkcj\u0119 Skarbnika Ochotniczej Stra\u017cy Po\u017carnej w Osieczy.<\/em><\/p>\n\n\n\n<p><em>Jestem organizatorem imprez sportowo-rekreacyjnych dla dzieci, m\u0142odzie\u017cy, doros\u0142ych i senior\u00f3w. Opracowuj\u0119 projekty m.in. na modernizacj\u0119 obiektu sportowego w Osieczy Pierwszej, zaj\u0119cia sportowe dla dzieci, m\u0142odzie\u017cy i doros\u0142ych oraz wyposa\u017cenie klub\u00f3w sportowych w ramach wsp\u00f3\u0142pracy z Gmin\u0105 Rzg\u00f3w, Starostwem Powiatowym w Koninie, Szkolnym Zwi\u0105zkiem Sportowym \u201eWielkopolska\u201d, Ministerstwem Sportu i Turystyki, Narodowym Instytutem Wolno\u015bci w Warszawie, Fundacj\u0105 \u201eOr\u0142y Sportu\u201d, Akademi\u0105 Wychowania Fizycznego w Warszawie.<\/em><\/p>\n\n\n\n<p><em>Staram si\u0119 tak\u017ce pozyskiwa\u0107 \u015brodki na sprz\u0119t ratowniczo-ga\u015bniczy dla naszej jednostki OSP czy wyposa\u017cenie dla Ko\u0142a Gospody\u0144 Wiejskich \u201eOsieczanki\u201d<\/em><\/p>\n\n\n\n<p><em>Redaguj\u0119 artyku\u0142y o wydarzeniach sportowych do lokalnych medi\u00f3w.<\/em><\/p>\n\n\n\n<p><em>By\u0142em tak\u017ce inicjatorem powo\u0142ania Gminnej Rady Sportu, M\u0142odzie\u017cowej Rady Gminy Rzg\u00f3w oraz oficjalnej gminnej dru\u017cyny pi\u0142karskiej \u2013 GKS Rzg\u00f3w, kt\u00f3ra po raz pierwszy w historii gminy Rzg\u00f3w przyst\u0105pi\u0142a w 2013r. do rozgrywek PZPN.<\/em><\/p>\n\n\n\n<p><em>Wsp\u00f3lnie z naszym dzia\u0142aczem klubowym Kub\u0105 Liebeltem by\u0142em pomys\u0142odawc\u0105 utworzenia III-ligowej dru\u017cyny LZS Orze\u0142 Osiecza, kt\u00f3ra w pierwszych dw\u00f3ch latach istnienia w sezonach 2017\/2018 i 2018\/2019 sensacyjnie zdoby\u0142a tytu\u0142 Mistrza Wielkopolski w Siatk\u00f3wce M\u0119\u017cczyzn.<\/em><\/p>\n\n\n\n<p><em>Zorganizowa\u0142em spotkania w Gminie Rzg\u00f3w ze znanymi sportowcami: m.in. z Jerzym Dudkiem \u2013 Bramkarzem Reprezentacji Polski oraz Mart\u0105 Walczykiewicz \u2013 Wicemistrzyni\u0105 Olimpijsk\u0105 w Kajakarstwie.<\/em><\/p>\n\n\n\n<p><em>Jestem wsp\u00f3\u0142za\u0142o\u017cycielem Gminnej Grupy Rowerowej \u201eRowerzy\u015bci- Optymi\u015bci\u201d. Organizuj\u0119 tak\u017ce akcje charytatywne dla potrzebuj\u0105cych oraz schroniska dla zwierz\u0105t. Pomagam w dzia\u0142aniach mi\u0119dzypokoleniowych na terenie gminy Rzg\u00f3w i powiatu Koni\u0144skiego w ramach realizacji projektu \u201eEnergia Pokole\u0144\u201d. Wsp\u00f3\u0142pracuj\u0119 z Gminnym Ch\u00f3rem \u201eDominium\u201d ze S\u0142awska oraz Uniwersytetem Trzeciego Wieku w Rzgowie.<\/em><\/p>\n\n\n\n<p><em>Za swoj\u0105 dzia\u0142alno\u015b\u0107 zosta\u0142em nagrodzony m.in. tytu\u0142em \u201eZas\u0142u\u017cony dla Powiatu Koni\u0144skiego\u201d, Z\u0142ot\u0105 Odznak\u0105 Honorow\u0105 Koni\u0144skiego Okr\u0119gowego Zwi\u0105zku Pi\u0142ki No\u017cnej, Srebrn\u0105 Odznak\u0105 Honorow\u0105 Ludowych Zespo\u0142\u00f3w Sportowych czy Br\u0105zowym Medalem za Zas\u0142ugi dla Po\u017carnictwa. Otrzyma\u0142em tak\u017ce Nagrod\u0119 Starosty Koni\u0144skiego za sportow\u0105 dzia\u0142alno\u015b\u0107 na rzecz Powiatu Koni\u0144skiego. By\u0142em tak\u017ce laureatem w plebiscycie Przegl\u0105du Koni\u0144skiego \u201eBelfer Roku\u201d oraz zosta\u0142em wyr\u00f3\u017cniony w konkursie Urz\u0119du Marsza\u0142kowskiego w Poznaniu \u201eWielkopolski Nauczyciel Roku\u201d.<\/em><\/p>\n\n\n\n<p><em>Tak\u017ce troch\u0119 tego jest, ale lubi\u0119 prac\u0119 z lud\u017ami, a przede wszystkich dla nich. Sprawia mi to du\u017c\u0105 frajd\u0119, cho\u0107 nie zawsze jest \u201ekolorowo\u201d. Mimo to staram si\u0119 przezwyci\u0119\u017ca\u0107 problemy i d\u0105\u017cy\u0107 do wyznaczonych cel\u00f3w.<\/em><\/p>\n\n\n\n<p><strong>Jak ocenia Pan rozw\u00f3j swojego klubu?<\/strong><\/p>\n\n\n\n<p>Micha\u0142:<em> Staramy si\u0119 z ca\u0142ym zarz\u0105dem klubu ca\u0142y czas rozwija\u0107 nasz klub. Od 2003 dzia\u0142ali\u015bmy jedynie na arenie lokalnej, jednak, gdy powsta\u0142a sekcja siatk\u00f3wki tj. w 2005r. klub nasz zacz\u0105\u0142 si\u0119 jeszcze bardziej rozwija\u0107, czego efektem by\u0142y znacz\u0105ce na arenie Wielkopolski sukcesy siatkarskie, kt\u00f3rych wspomnia\u0142em wy\u017cej. Rok 2019 by\u0142 najbardziej szcz\u0119\u015bliwy dla naszego klubu, kiedy to obronili\u015bmy sensacyjny tytu\u0142 Mistrz\u00f3w Wielkopolski i w Grodzisku Mazowieckim otarli\u015bmy si\u0119 w bara\u017cowym turnieju fina\u0142owym PZPS o II lig\u0119. Do dzi\u015b zastanawiamy si\u0119, co by by\u0142o, gdyby nam si\u0119 wtedy uda\u0142o\u2026<\/em><\/p>\n\n\n\n<p><em>Nasz\u0105 g\u0142\u00f3wn\u0105 dzia\u0142alno\u015b\u0107 opieramy g\u0142\u00f3wnie na sk\u0142adkach cz\u0142onkowskich i darowiznach sponsor\u00f3w. Ju\u017c od kilkunastu lat jestem autorem rozmaitych projekt\u00f3w na dofinansowanie z Ministerstwa Sportu i Turystyki (m.in. program KLUB), Powiatu Koni\u0144skiego, Gminy Rzg\u00f3w oraz innych program\u00f3w przeznaczonych na wsparcie sportu. Dzi\u0119ki pozyskanym \u015brodkom uda\u0142o nam si\u0119 utworzy\u0107 kolejne sekcje m\u0142odzie\u017cowe, kt\u00f3re pod okiem trener\u00f3w S\u0142awomira Wo\u017aniaka i \u0141ukasza Ga\u0142eckiego rozwijaj\u0105 swoje siatkarskie talenty. Z rok na rok przybywa nowych m\u0142odych zawodniczek g\u0142\u00f3wnie z terenu gminy Rzg\u00f3w, i to cieszy. Od kilku lat rywalizujemy w rozgrywkach WZPS w ramach Mistrzostw Wielkopolski w Minisiatk\u00f3wce \u201eKinder Joy od Moving.\u201d Dzi\u0119ki orgaznizowanym zaj\u0119ciom mo\u017cemy dba\u0107 o rozw\u00f3j najm\u0142odszych oraz promowa\u0107 sport na terenie ca\u0142ej Wielkopolski. Wsp\u00f3\u0142pracujemy ze szko\u0142ami z terenu gminy a tak\u017ce Ochotnicz\u0105 Stra\u017c\u0105 Po\u017carn\u0105 w Osieczy, Ko\u0142em Gospody\u0144 Wiejskich \u201eOsieczanki\u201d oraz Wsp\u00f3lnot\u0105 Gruntow\u0105 wsi Osiecza organizuj\u0105c festyny wiejskie, turnieje sportowe czy rajdy rowerowe. Chcemy ca\u0142y czas zach\u0119ca\u0107 mieszka\u0144c\u00f3w do czynnego uprawiania sportu.<\/em><\/p>\n\n\n\n<p><strong>Jak ocenia Pan dzia\u0142alno\u015b\u0107 Wielkopolskiego Zwi\u0105zku Pi\u0142ki Siatkowej?<\/strong><\/p>\n\n\n\n<p>Micha\u0142:<em> Nasza wsp\u00f3\u0142praca z Wielkopolskim Zwi\u0105zkiem Pi\u0142ki Siatkowej uk\u0142ada si\u0119 bardzo dobrze. W strukturach WZPS funkcjonujemy od paru lat. Pracownicy biura WZPS zawsze ch\u0119tnie s\u0142u\u017c\u0105 nam pomoc\u0105 i rad\u0105. Jest to szczeg\u00f3lnie wa\u017cne dla takich ma\u0142ych klub\u00f3w jak my.<\/em><\/p>\n\n\n\n<p><em>Warto by\u0142oby przeanalizowa\u0107 zasady organizacji rozgrywek ligowych. Usprawni\u0142bym tutaj system powiadamiania i ustalania termin\u00f3w mecz\u00f3w tak jak funkcjonuje to w Wielkopolskim Zwi\u0105zku Pi\u0142ki No\u017cnej, gdzie jednolity system elektroniczny na bie\u017c\u0105co powiadamia kluby i s\u0119dzi\u00f3w o terminach rozgrywek.<\/em><\/p>\n\n\n\n<figure class=\"wp-block-image size-large\"><img decoding=\"async\" loading=\"lazy\" width=\"576\" height=\"1024\" src=\"http:\/\/skfks.pl\/wp-content\/uploads\/2024\/10\/1-1-576x1024.png\" alt=\"\" class=\"wp-image-65924\" srcset=\"https:\/\/skfks.pl\/wp-content\/uploads\/2024\/10\/1-1-576x1024.png 576w, https:\/\/skfks.pl\/wp-content\/uploads\/2024\/10\/1-1-169x300.png 169w, https:\/\/skfks.pl\/wp-content\/uploads\/2024\/10\/1-1-768x1365.png 768w, https:\/\/skfks.pl\/wp-content\/uploads\/2024\/10\/1-1-864x1536.png 864w, https:\/\/skfks.pl\/wp-content\/uploads\/2024\/10\/1-1.png 1080w\" sizes=\"(max-width: 576px) 100vw, 576px\" \/><\/figure>\n","protected":false},"excerpt":{"rendered":"<p>Witam serdecznie czym dla Pana jest klub Orze\u0142 Osiecza? Micha\u0142: Orze\u0142 Osiecza to klub sportowy w mojej rodzinnej miejscowo\u015bci. Pocz\u0105tki istnienia naszego klubu si\u0119gaj\u0105 lat 70-tych XX wieku. Zosta\u0142 on reaktywowany w 2003r. Od tamtego czasu pe\u0142ni\u0142em funkcj\u0119 najpierw sekretarza, p\u00f3\u017aniej skarbnika, nast\u0119pnie wiceprezesa. Aktualnie, od 2012 roku pe\u0142ni\u0119 funkcj\u0119 prezesa klubu. W ramach dzia\u0142alno\u015bci [&hellip;]<\/p>\n","protected":false},"author":4,"featured_media":67926,"comment_status":"closed","ping_status":"closed","sticky":false,"template":"","format":"standard","meta":{"ngg_post_thumbnail":0},"categories":[3],"tags":[],"_links":{"self":[{"href":"https:\/\/skfks.pl\/index.php?rest_route=\/wp\/v2\/posts\/67923"}],"collection":[{"href":"https:\/\/skfks.pl\/index.php?rest_route=\/wp\/v2\/posts"}],"about":[{"href":"https:\/\/skfks.pl\/index.php?rest_route=\/wp\/v2\/types\/post"}],"author":[{"embeddable":true,"href":"https:\/\/skfks.pl\/index.php?rest_route=\/wp\/v2\/users\/4"}],"replies":[{"embeddable":true,"href":"https:\/\/skfks.pl\/index.php?rest_route=%2Fwp%2Fv2%2Fcomments&post=67923"}],"version-history":[{"count":1,"href":"https:\/\/skfks.pl\/index.php?rest_route=\/wp\/v2\/posts\/67923\/revisions"}],"predecessor-version":[{"id":67925,"href":"https:\/\/skfks.pl\/index.php?rest_route=\/wp\/v2\/posts\/67923\/revisions\/67925"}],"wp:featuredmedia":[{"embeddable":true,"href":"https:\/\/skfks.pl\/index.php?rest_route=\/wp\/v2\/media\/67926"}],"wp:attachment":[{"href":"https:\/\/skfks.pl\/index.php?rest_route=%2Fwp%2Fv2%2Fmedia&parent=67923"}],"wp:term":[{"taxonomy":"category","embeddable":true,"href":"https:\/\/skfks.pl\/index.php?rest_route=%2Fwp%2Fv2%2Fcategories&post=67923"},{"taxonomy":"post_tag","embeddable":true,"href":"https:\/\/skfks.pl\/index.php?rest_route=%2Fwp%2Fv2%2Ftags&post=67923"}],"curies":[{"name":"wp","href":"https:\/\/api.w.org\/{rel}","templated":true}]}}