{"id":67905,"date":"2025-10-11T02:26:28","date_gmt":"2025-10-11T02:26:28","guid":{"rendered":"https:\/\/skfks.pl\/?p=67905"},"modified":"2025-10-11T02:32:06","modified_gmt":"2025-10-11T02:32:06","slug":"piotr-oczachowski-zaliczam-sie-do-trenerow-mlodego-pokolenia-rozmowa","status":"publish","type":"post","link":"https:\/\/skfks.pl\/?p=67905","title":{"rendered":"Piotr Oczachowski: &#8222;Zaliczam si\u0119 do trener\u00f3w m\u0142odego pokolenia&#8221; &#8211; rozmowa"},"content":{"rendered":"\n<p><strong>Witam. Jakie cele przed Pana zespo\u0142em w tym sezonie?<\/strong><\/p>\n\n\n\n<p>Piotr:&nbsp;<em>Naszym celem na ten sezon jest przede wszystkim awans do III ligi A, co traktujemy jako minimum. Mamy jednak ambicje, by powalczy\u0107 o co\u015b wi\u0119cej \u2013 chcemy znale\u017a\u0107 si\u0119 w czo\u0142\u00f3wce ligi, zdoby\u0107 medal i zapewni\u0107 sobie udzia\u0142 w fina\u0142ach mi\u0119dzywojew\u00f3dzkich. Zesp\u00f3\u0142 ci\u0119\u017cko&nbsp;pracuje, mamy dobre warunki do rozwoju i wierz\u0119, \u017ce&nbsp;je\u015bli utrzymamy koncentracj\u0119 i zdrowie, jeste\u015bmy w stanie te cele zrealizowa\u0107.<\/em><\/p>\n\n\n\n<p><strong>Jakim Jeste\u015b trenerem?<\/strong><\/p>\n\n\n\n<p>Piotr:&nbsp;<em>Zaliczam si\u0119 zdecydowanie do grona trener\u00f3w \u201em\u0142odego pokolenia\u201d, na treningach staram si\u0119 przygotowywa\u0107 zesp\u00f3\u0142 fizycznie i mentalnie do wyzwa\u0144, kt\u00f3re napotkaj\u0105 w trakcie sezonu, a w trakcie trwania ligi planuj\u0119 treningi pod konkretnego przeciwnika. Staram si\u0119 tworzy\u0107 z zawodniczkami atmosfer\u0119 wsp\u00f3\u0142pracy, nigdy nie zamykam si\u0119 na sugestie z ich strony oraz doceniam ka\u017cd\u0105 informacj\u0119 zwrotn\u0105 dotycz\u0105c\u0105 np \u0107wicze\u0144 na treningach. W trakcie mecz\u00f3w staram si\u0119 motywowa\u0107 zesp\u00f3\u0142 razem z zawodniczkami&nbsp;rezerwowymi, skupiam si\u0119 na grze przeciwnika oraz naszych zawodniczek, tak aby w ka\u017cdym momencie m\u00f3c doradzi\u0107 co zrobi\u0107 z nast\u0119pn\u0105 pi\u0142k\u0105.<\/em><\/p>\n\n\n\n<p><strong>Jakie zmiany zasz\u0142y u Was przed sezonem?<\/strong><\/p>\n\n\n\n<p>Piotr:<em>. Przed sezonem w naszej kadrze zasz\u0142o kilka zmian personalnych. Cz\u0119\u015b\u0107 zawodniczek zdecydowa\u0142a si\u0119 zako\u0144czy\u0107 przygod\u0119 z dru\u017cyn\u0105 lub spr\u00f3bowa\u0107 si\u0142 w innych klubach, co w pe\u0142ni szanujemy. Jednocze\u015bnie podj\u0119li\u015bmy kilka trudnych lecz koniecznych decyzji kadrowych, kt\u00f3re maj\u0105 wnie\u015b\u0107 do zespo\u0142u \u015bwie\u017c\u0105 energi\u0119 i podnie\u015b\u0107 poziom sportowy. Wierz\u0119, \u017ce nowy sk\u0142ad pozwoli nam zbudowa\u0107 jeszcze silniejszy kolektyw. Wiele zawodniczek do\u0142\u0105czy\u0142o do naszej dru\u017cyny na zasadzie wypo\u017cyczenia z SKF KS Pozna\u0144, za co serdecznie dzi\u0119kuj\u0119 Prezesowi pozna\u0144skiego klubu.<\/em><\/p>\n\n\n\n<p><strong>Jak oceniasz poziom rozgrywek w 3 lidze?<\/strong><\/p>\n\n\n\n<p>Piotr:&nbsp;<em>W Wielkopolsce liga stoi na bardzo wysokim poziomie. Mamy wiele ambitnych zespo\u0142\u00f3w, kt\u00f3re prezentuj\u0105 solidny, dobrze pouk\u0142adany siatkarski styl. To sprawia, \u017ce ka\u017cda kolejka jest wyzwaniem i jednocze\u015bnie \u015bwietn\u0105 okazj\u0105 do rozwoju dla zawodniczek i sztab\u00f3w trenerskich.<\/em><\/p>\n\n\n\n<p><strong>Co robisz w czasie wolnym?<\/strong><\/p>\n\n\n\n<p>Piotr: \u200b&nbsp;<em>Wolny czas staram si\u0119 sp\u0119dza\u0107 aktywnie i wykorzysta\u0107 wolne chwile, kt\u00f3rych w pracy trenera nie ma zbyt wiele&nbsp;&nbsp;Najwi\u0119cej czasu sp\u0119dzam z narzeczon\u0105, jednak siatk\u00f3wka jest nieod\u0142\u0105cznym elementem naszego \u017cycia, tak\u017ce nawet w dzie\u0144 wolny zdarzy nam si\u0119 jecha\u0107 na mecz jako kibice.<\/em><\/p>\n\n\n\n<figure class=\"wp-block-image size-large\"><img decoding=\"async\" loading=\"lazy\" width=\"576\" height=\"1024\" src=\"http:\/\/skfks.pl\/wp-content\/uploads\/2024\/10\/1-1-576x1024.png\" alt=\"\" class=\"wp-image-65924\" srcset=\"https:\/\/skfks.pl\/wp-content\/uploads\/2024\/10\/1-1-576x1024.png 576w, https:\/\/skfks.pl\/wp-content\/uploads\/2024\/10\/1-1-169x300.png 169w, https:\/\/skfks.pl\/wp-content\/uploads\/2024\/10\/1-1-768x1365.png 768w, https:\/\/skfks.pl\/wp-content\/uploads\/2024\/10\/1-1-864x1536.png 864w, https:\/\/skfks.pl\/wp-content\/uploads\/2024\/10\/1-1.png 1080w\" sizes=\"(max-width: 576px) 100vw, 576px\" \/><\/figure>\n","protected":false},"excerpt":{"rendered":"<p>Witam. Jakie cele przed Pana zespo\u0142em w tym sezonie? Piotr:&nbsp;Naszym celem na ten sezon jest przede wszystkim awans do III ligi A, co traktujemy jako minimum. Mamy jednak ambicje, by powalczy\u0107 o co\u015b wi\u0119cej \u2013 chcemy znale\u017a\u0107 si\u0119 w czo\u0142\u00f3wce ligi, zdoby\u0107 medal i zapewni\u0107 sobie udzia\u0142 w fina\u0142ach mi\u0119dzywojew\u00f3dzkich. Zesp\u00f3\u0142 ci\u0119\u017cko&nbsp;pracuje, mamy dobre warunki [&hellip;]<\/p>\n","protected":false},"author":4,"featured_media":67910,"comment_status":"closed","ping_status":"closed","sticky":false,"template":"","format":"standard","meta":{"ngg_post_thumbnail":0},"categories":[3],"tags":[],"_links":{"self":[{"href":"https:\/\/skfks.pl\/index.php?rest_route=\/wp\/v2\/posts\/67905"}],"collection":[{"href":"https:\/\/skfks.pl\/index.php?rest_route=\/wp\/v2\/posts"}],"about":[{"href":"https:\/\/skfks.pl\/index.php?rest_route=\/wp\/v2\/types\/post"}],"author":[{"embeddable":true,"href":"https:\/\/skfks.pl\/index.php?rest_route=\/wp\/v2\/users\/4"}],"replies":[{"embeddable":true,"href":"https:\/\/skfks.pl\/index.php?rest_route=%2Fwp%2Fv2%2Fcomments&post=67905"}],"version-history":[{"count":3,"href":"https:\/\/skfks.pl\/index.php?rest_route=\/wp\/v2\/posts\/67905\/revisions"}],"predecessor-version":[{"id":67911,"href":"https:\/\/skfks.pl\/index.php?rest_route=\/wp\/v2\/posts\/67905\/revisions\/67911"}],"wp:featuredmedia":[{"embeddable":true,"href":"https:\/\/skfks.pl\/index.php?rest_route=\/wp\/v2\/media\/67910"}],"wp:attachment":[{"href":"https:\/\/skfks.pl\/index.php?rest_route=%2Fwp%2Fv2%2Fmedia&parent=67905"}],"wp:term":[{"taxonomy":"category","embeddable":true,"href":"https:\/\/skfks.pl\/index.php?rest_route=%2Fwp%2Fv2%2Fcategories&post=67905"},{"taxonomy":"post_tag","embeddable":true,"href":"https:\/\/skfks.pl\/index.php?rest_route=%2Fwp%2Fv2%2Ftags&post=67905"}],"curies":[{"name":"wp","href":"https:\/\/api.w.org\/{rel}","templated":true}]}}