{"id":67895,"date":"2025-10-09T04:56:47","date_gmt":"2025-10-09T04:56:47","guid":{"rendered":"https:\/\/skfks.pl\/?p=67895"},"modified":"2025-10-09T05:05:37","modified_gmt":"2025-10-09T05:05:37","slug":"mlodziczka-i-zagra-na-politechnice","status":"publish","type":"post","link":"https:\/\/skfks.pl\/?p=67895","title":{"rendered":"M\u0142odziczka I zagra na Politechnice!"},"content":{"rendered":"\n<p>W sobot\u0119 11 Pa\u017adziernika kolejne ligowe zawody rozegra zesp\u00f3\u0142 SKF PBS SP Pozna\u0144 I.<\/p>\n\n\n\n<p>W hali Politechniki Pozna\u0144skiej zagramy z : KS Volley Pozna\u0144 II i Tarnovia Tarnowo Podg\u00f3rne.<\/p>\n\n\n\n<p>Podopieczne trenera Grzegorza \u0141uszczewskiego rozegraj\u0105 spotkanie nr 1 i 2 w turnieju.<\/p>\n\n\n\n<p>Pocz\u0105tek gier w hali przy ul. Jana Paw\u0142a II nr 28 o godz. 10:00.<\/p>\n\n\n\n<p>Szczeg\u00f3lnie istotne dla naszych siatkarek b\u0119dzie spotkanie z zespo\u0142em z Tarnowa Podg\u00f3rnego.<\/p>\n\n\n\n<p>Czy wreszcie uda si\u0119 pokona\u0107 podopieczne trener Beaty Nowickiej?<\/p>\n\n\n\n<p>Zapraszamy!<\/p>\n\n\n\n<figure class=\"wp-block-image size-large\"><img decoding=\"async\" loading=\"lazy\" width=\"1024\" height=\"517\" src=\"http:\/\/skfks.pl\/wp-content\/uploads\/2025\/09\/image-3-1024x517.png\" alt=\"\" class=\"wp-image-67806\" srcset=\"https:\/\/skfks.pl\/wp-content\/uploads\/2025\/09\/image-3-1024x517.png 1024w, https:\/\/skfks.pl\/wp-content\/uploads\/2025\/09\/image-3-300x151.png 300w, https:\/\/skfks.pl\/wp-content\/uploads\/2025\/09\/image-3-768x388.png 768w, https:\/\/skfks.pl\/wp-content\/uploads\/2025\/09\/image-3-1536x776.png 1536w, https:\/\/skfks.pl\/wp-content\/uploads\/2025\/09\/image-3.png 1705w\" sizes=\"(max-width: 1024px) 100vw, 1024px\" \/><\/figure>\n","protected":false},"excerpt":{"rendered":"<p>W sobot\u0119 11 Pa\u017adziernika kolejne ligowe zawody rozegra zesp\u00f3\u0142 SKF PBS SP Pozna\u0144 I. W hali Politechniki Pozna\u0144skiej zagramy z : KS Volley Pozna\u0144 II i Tarnovia Tarnowo Podg\u00f3rne. Podopieczne trenera Grzegorza \u0141uszczewskiego rozegraj\u0105 spotkanie nr 1 i 2 w turnieju. Pocz\u0105tek gier w hali przy ul. Jana Paw\u0142a II nr 28 o godz. 10:00. [&hellip;]<\/p>\n","protected":false},"author":4,"featured_media":67786,"comment_status":"closed","ping_status":"closed","sticky":false,"template":"","format":"standard","meta":{"ngg_post_thumbnail":0},"categories":[3],"tags":[],"_links":{"self":[{"href":"https:\/\/skfks.pl\/index.php?rest_route=\/wp\/v2\/posts\/67895"}],"collection":[{"href":"https:\/\/skfks.pl\/index.php?rest_route=\/wp\/v2\/posts"}],"about":[{"href":"https:\/\/skfks.pl\/index.php?rest_route=\/wp\/v2\/types\/post"}],"author":[{"embeddable":true,"href":"https:\/\/skfks.pl\/index.php?rest_route=\/wp\/v2\/users\/4"}],"replies":[{"embeddable":true,"href":"https:\/\/skfks.pl\/index.php?rest_route=%2Fwp%2Fv2%2Fcomments&post=67895"}],"version-history":[{"count":3,"href":"https:\/\/skfks.pl\/index.php?rest_route=\/wp\/v2\/posts\/67895\/revisions"}],"predecessor-version":[{"id":67902,"href":"https:\/\/skfks.pl\/index.php?rest_route=\/wp\/v2\/posts\/67895\/revisions\/67902"}],"wp:featuredmedia":[{"embeddable":true,"href":"https:\/\/skfks.pl\/index.php?rest_route=\/wp\/v2\/media\/67786"}],"wp:attachment":[{"href":"https:\/\/skfks.pl\/index.php?rest_route=%2Fwp%2Fv2%2Fmedia&parent=67895"}],"wp:term":[{"taxonomy":"category","embeddable":true,"href":"https:\/\/skfks.pl\/index.php?rest_route=%2Fwp%2Fv2%2Fcategories&post=67895"},{"taxonomy":"post_tag","embeddable":true,"href":"https:\/\/skfks.pl\/index.php?rest_route=%2Fwp%2Fv2%2Ftags&post=67895"}],"curies":[{"name":"wp","href":"https:\/\/api.w.org\/{rel}","templated":true}]}}