{"id":67768,"date":"2025-09-14T07:17:17","date_gmt":"2025-09-14T07:17:17","guid":{"rendered":"http:\/\/skfks.pl\/?p=67768"},"modified":"2025-09-14T07:17:45","modified_gmt":"2025-09-14T07:17:45","slug":"memorial-arkadiusza-golasia","status":"publish","type":"post","link":"https:\/\/skfks.pl\/?p=67768","title":{"rendered":"Memoria\u0142 Arkadiusza Go\u0142asia"},"content":{"rendered":"\n<p>Dwudziesta edycja Memoria\u0142u Arkadiusza Go\u0142asia zbli\u017ca si\u0119 wielkimi krokami. Ju\u017c 18 i 19 pa\u017adziernika wielkopolscy kibice siatk\u00f3wki b\u0119d\u0105 mieli niepowtarzaln\u0105 okazj\u0119 zobaczenia na \u017cywo najlepszych zawodnik\u00f3w w Polsce i na \u015bwiecie.<\/p>\n\n\n\n<p>Organizatorzy ods\u0142onili pary p\u00f3\u0142fina\u0142owe: w sobot\u0119 o 14:45 Aluron CMC Warta Zawiercie zmierzy si\u0119 z PGE GiEK Skra Be\u0142chat\u00f3w, o 17:30 w drugim p\u00f3\u0142finale ZAKSA K\u0119dzierzyn-Ko\u017cle zagra z Berlin Recycling Volleys. P\u00f3\u0142fina\u0142owe starcia zapowiadaj\u0105 si\u0119 niezwykle emocjonuj\u0105co. Wi\u0119cej w za\u0142\u0105czonym komunikacie.<a href=\"https:\/\/wzps.poznan.pl\/wp-content\/uploads\/2025\/09\/11.09.2025-Poznalismy-polfinalistow-Memorialu-Golasia.pdf\">11.09.2025 Poznali\u015bmy p\u00f3\u0142finalist\u00f3w Memoria\u0142u Go\u0142asia<\/a><\/p>\n\n\n\n<p>Kto nie mo\u017ce by\u0107 na hali i ogl\u0105da\u0107 na \u017cywo, zapraszamy przed telewizory do Polsatu Sport.<\/p>\n\n\n\n<figure class=\"wp-block-image\"><a href=\"https:\/\/wzps.poznan.pl\/wp-content\/uploads\/2025\/09\/XIX-Agrobex-Memorial-Arkadiusza-Golasia-fot.-P.-Rychter-1.jpg\"><img decoding=\"async\" src=\"https:\/\/wzps.poznan.pl\/wp-content\/uploads\/2025\/09\/XIX-Agrobex-Memorial-Arkadiusza-Golasia-fot.-P.-Rychter-1-300x200.jpg\" alt=\"\" class=\"wp-image-7835\"\/><\/a><\/figure>\n\n\n\n<figure class=\"wp-block-image\"><a href=\"https:\/\/wzps.poznan.pl\/wp-content\/uploads\/2025\/09\/XVIII-Agrobex-Memorial-Arkadiusza-Golasia-fot.-P.-Rychter-3.jpg\"><img decoding=\"async\" src=\"https:\/\/wzps.poznan.pl\/wp-content\/uploads\/2025\/09\/XVIII-Agrobex-Memorial-Arkadiusza-Golasia-fot.-P.-Rychter-3-300x200.jpg\" alt=\"\" class=\"wp-image-7834\"\/><\/a><\/figure>\n","protected":false},"excerpt":{"rendered":"<p>Dwudziesta edycja Memoria\u0142u Arkadiusza Go\u0142asia zbli\u017ca si\u0119 wielkimi krokami. Ju\u017c 18 i 19 pa\u017adziernika wielkopolscy kibice siatk\u00f3wki b\u0119d\u0105 mieli niepowtarzaln\u0105 okazj\u0119 zobaczenia na \u017cywo najlepszych zawodnik\u00f3w w Polsce i na \u015bwiecie. Organizatorzy ods\u0142onili pary p\u00f3\u0142fina\u0142owe: w sobot\u0119 o 14:45 Aluron CMC Warta Zawiercie zmierzy si\u0119 z PGE GiEK Skra Be\u0142chat\u00f3w, o 17:30 w drugim p\u00f3\u0142finale [&hellip;]<\/p>\n","protected":false},"author":6,"featured_media":67714,"comment_status":"closed","ping_status":"closed","sticky":false,"template":"","format":"standard","meta":{"ngg_post_thumbnail":0},"categories":[3],"tags":[],"_links":{"self":[{"href":"https:\/\/skfks.pl\/index.php?rest_route=\/wp\/v2\/posts\/67768"}],"collection":[{"href":"https:\/\/skfks.pl\/index.php?rest_route=\/wp\/v2\/posts"}],"about":[{"href":"https:\/\/skfks.pl\/index.php?rest_route=\/wp\/v2\/types\/post"}],"author":[{"embeddable":true,"href":"https:\/\/skfks.pl\/index.php?rest_route=\/wp\/v2\/users\/6"}],"replies":[{"embeddable":true,"href":"https:\/\/skfks.pl\/index.php?rest_route=%2Fwp%2Fv2%2Fcomments&post=67768"}],"version-history":[{"count":1,"href":"https:\/\/skfks.pl\/index.php?rest_route=\/wp\/v2\/posts\/67768\/revisions"}],"predecessor-version":[{"id":67770,"href":"https:\/\/skfks.pl\/index.php?rest_route=\/wp\/v2\/posts\/67768\/revisions\/67770"}],"wp:featuredmedia":[{"embeddable":true,"href":"https:\/\/skfks.pl\/index.php?rest_route=\/wp\/v2\/media\/67714"}],"wp:attachment":[{"href":"https:\/\/skfks.pl\/index.php?rest_route=%2Fwp%2Fv2%2Fmedia&parent=67768"}],"wp:term":[{"taxonomy":"category","embeddable":true,"href":"https:\/\/skfks.pl\/index.php?rest_route=%2Fwp%2Fv2%2Fcategories&post=67768"},{"taxonomy":"post_tag","embeddable":true,"href":"https:\/\/skfks.pl\/index.php?rest_route=%2Fwp%2Fv2%2Ftags&post=67768"}],"curies":[{"name":"wp","href":"https:\/\/api.w.org\/{rel}","templated":true}]}}