{"id":67757,"date":"2025-10-02T00:01:00","date_gmt":"2025-10-02T00:01:00","guid":{"rendered":"http:\/\/skfks.pl\/?p=67757"},"modified":"2025-10-03T04:17:47","modified_gmt":"2025-10-03T04:17:47","slug":"67757","status":"publish","type":"post","link":"https:\/\/skfks.pl\/?p=67757","title":{"rendered":"\u0141ukasz Klapczy\u0144ski: &#8222;Celem awans do 1 ligi&#8221; &#8211; rozmowa"},"content":{"rendered":"\n<p><strong>Witam. Jak zacz\u0119\u0142a si\u0119 Pana przygoda z siatk\u00f3wk\u0105 i czym ona jest dla Pana?<\/strong> <\/p>\n\n\n\n<p>\u0141ukasz Klapczy\u0144ski: <em>Witam, Przygoda z siatk\u00f3wk\u0105 rozpocz\u0119\u0142a si\u0119 jeszcze w szkole podstawowej w Kwilczu dzi\u0119ki mojemu w-fi\u015bcie Panu Zbyszkowi Susowi, kt\u00f3ry nauczy\u0142 mnie podstaw tego sportu. P\u00f3\u017aniej przygod\u0119 jako zawodnik amator kontynuowa\u0142em w liceum i na studiach, a po ich zako\u0144czeniu rozpocz\u0105\u0142em przygod\u0119 jako trener, kt\u00f3ra trwa do dzi\u015b.<\/em><\/p>\n\n\n\n<p><strong>Jakie cechy powinien mie\u0107 dobry trener?<\/strong><\/p>\n\n\n\n<p>\u0141ukasz Klapczy\u0144ski:  <em>Przede wszystkim musi umie\u0107 s\u0142ucha\u0107 i obserwowa\u0107. \u0106wiczenia na dowolny element techniczny mo\u017cna w dzisiejszych czasach mo\u017cna znale\u017a\u0107 w ksi\u0105\u017ckach, na YouTube, czy Instagramie. Du\u017co wa\u017cniejsza jest umiej\u0119tno\u015b\u0107 ich odpowiedniego zastosowania, obserwacji swoich podopiecznych, rozmowy z nimi i dostosowanie trening\u00f3w i techniki tak \u017ceby wydoby\u0107 maksimum mo\u017cliwo\u015bci z zespo\u0142u i zawodnika. Trener w klubie siatkarskim cz\u0119sto jednocze\u015bnie pe\u0142ni rol\u0119 motoryka, statystka, psychologa i logistyka, co powoduje, \u017ce nie ma jednej cechy, kt\u00f3ra decyduje, \u017ce kto\u015b jest dobrym trenerem, a inny z\u0142ym. Znam \u015bwietnych trener\u00f3w, kt\u00f3rzy s\u0105 skrajnymi ekscentrykami, ale znam r\u00f3wnie\u017c introwertyk\u00f3w, kt\u00f3rzy \u015bwietnie odnajduj\u0105 si\u0119 w roli trenera. Jedna chyba najwa\u017cniejsza cecha, to bycie zaanga\u017cowanym. Nie da si\u0119 by\u0107 dobrym trenerem nie b\u0119d\u0105c zaanga\u017cowanym w trening, klub i sw\u00f3j zesp\u00f3\u0142.<\/em> <\/p>\n\n\n\n<p><\/p>\n\n\n\n<p><strong>Jak ocenia Pan projekt siatkarski w Szamotu\u0142ach?<\/strong> <\/p>\n\n\n\n<p>\u0141ukasz Klapczy\u0144ski: <em>Mo\u017ce zabrzmi to nieskromnie, ale uwa\u017cam, \u017ce w ci\u0105gu kilku lat dzi\u0119ki zaanga\u017cowaniu kilku os\u00f3b stworzyli\u015bmy wsp\u00f3lnie projekt, kt\u00f3rego najlepsz\u0105 wizyt\u00f3wk\u0105 s\u0105 osi\u0105gane wyniki sportowe. W roku 2025 zostali\u015bmy 3 klubem w kraju w zakresie szkolenia siatk\u00f3wki dziewczyn. To ogromny sukces zbudowa\u0107 taki pr\u0119\u017cny o\u015brodek w ma\u0142ym mie\u015bcie jakim s\u0105 Szamotu\u0142y. Zbli\u017caj\u0105cy si\u0119 sezon b\u0119dzie moim 12 w Szamotu\u0142ach i dzi\u0119ki wsp\u00f3\u0142pracy z wieloma osobami jak chocia\u017cby Prezes Wies\u0142aw Ma\u0142yszka, kolega Dariusz Ciszak, Starosta Powiatu Szamotulskiego Beata Hany\u017cak, czy Pani Dyrektor Liceum Justyna Szaniawska-Budaj ka\u017cdego roku robimy du\u017cy krok do przodu. W tym sezonie w projekt Szamotu\u0142 zaanga\u017cowanych b\u0119dzie 18 trener\u00f3w, w tym trener przygotowania motorycznego, trenerka mentalna, fizjoterapeuta, czy statystycy. Stworzyli\u015bmy projekt, z kt\u00f3rego jeste\u015bmy dumni i kt\u00f3ry wci\u0105\u017c chcemy rozwija\u0107. W tym roku obchodzimy 30-lecie istnienia klubu i my\u015bl\u0119, \u017ce nikt z za\u0142o\u017cycieli nie marzy\u0142 o tym, \u017ce klub b\u0119dzie na takim poziomie sportowym i organizacyjnym. To co mnie osobi\u015bcie cieszy najbardziej, to fakt, \u017ce ca\u0142y projekt jest projektem stabilnym, opartym na solidnych fundamentach, wsp\u00f3\u0142pracy z samorz\u0105dem i sponsorami. Cieszy mnie, \u017ce osoby, kt\u00f3re go tworz\u0105 wci\u0105\u017c maj\u0105 nowe pomys\u0142y i ambicje. Mam nadziej\u0119, \u017ce w najbli\u017cszym czasie o SZAMOTULANINIE us\u0142yszymy nie tylko w kontek\u015bcie wynik\u00f3w m\u0142odzie\u017cowych ale r\u00f3wnie\u017c jako o klubie rywalizuj\u0105cym na poziomie 1 Ligi Kobiet.<\/em> <\/p>\n\n\n\n<p><strong>Jak ocenia Pan dzia\u0142alno\u015b\u0107 Wielkopolskiego Zwi\u0105zku Pi\u0142ki Siatkowej?<\/strong> <\/p>\n\n\n\n<p>\u0141ukasz Klapczy\u0144ski: <em>Chyba wszyscy znaj\u0105 moje zdanie na temat dzia\u0142alno\u015bci zwi\u0105zku w naszym wojew\u00f3dztwie, a w szczeg\u00f3lno\u015bci pana prezesa JB. Nie znam drugiego zwi\u0105zku wojew\u00f3dzkiego, kt\u00f3ry jest zarz\u0105dzany w tak fatalny spos\u00f3b. Nie ma miesi\u0105ca bez kontrowersji, nie ma sezonu bez mniejszej lub wi\u0119kszej afery. WZPS tworzy przepisy, kt\u00f3rych potem sam nie przestrzega lub pr\u00f3buje nagina\u0107 dla swoich ulubie\u0144c\u00f3w. W czerwcu przed Walnym Zebraniem Cz\u0142onk\u00f3w WZPS wys\u0142a\u0142em oficjalne pismo z kilkoma wydawa\u0142o mi si\u0119 prostymi pytaniami do wyja\u015bnienia odno\u015bnie sprawozdania. Na Walnym Zebraniu pan prezes zapewni\u0142, \u017ce dostan\u0119 odpowied\u017a \u201eniezw\u0142ocznie\u201d po zebraniu. Czekam 3 miesi\u0105ce i odpowiedzi wci\u0105\u017c brak. Niejasno\u015bci w dzia\u0142aniu WZPS jest niestety coraz wi\u0119cej, ale wierz\u0119, \u017ce przyjdzie jeszcze czas, \u017ce i w naszym wojew\u00f3dztwie b\u0119dzie normalnie, ale w mojej ocenie nie jest to mo\u017cliwe z obecnym prezesem.<\/em><\/p>\n\n\n\n<p> <strong>Jakie cele przed klubem z Szamotu\u0142 w tym sezonie?<\/strong> <\/p>\n\n\n\n<p><em>Ju\u017c pierwsze tygodnie okresu przygotowawczego pokaza\u0142y, \u017ce we wszystkich kategoriach m\u0142odzie\u017cowych dysponujemy bardzo silnymi zespo\u0142ami. Nie chc\u0119 si\u0119 wypowiada\u0107 za koleg\u00f3w i kole\u017canki trener\u00f3w odpowiedzialnych za grupy juniorek m\u0142odszych czy m\u0142odziczek, ale te grupy z pewno\u015bci\u0105 te\u017c b\u0119d\u0105 bardzo niebezpieczne dla rywali. Je\u015bli chodzi o zespo\u0142y, kt\u00f3re b\u0119d\u0119 prowadzi\u0142 ja, to cele okre\u015blili\u015bmy sobie z dziewczynami bardzo jasno \u2013 z\u0142oty medal Mistrzostw Polski Juniorek i awans do 1 Ligi Kobiet. Oby tylko zdrowie nam dopisa\u0142o. W kategoriach minisiatkowki jak co roku z pewno\u015bci\u0105 priorytetem nie b\u0119d\u0105 dla nas wyniki sportowe, tylko poprawa techniki indywidualnej poszczeg\u00f3lnych zawodniczek.<\/em><\/p>\n\n\n\n<p><strong>Jak ocenia Pan dzia\u0142alno\u015b\u0107 SKF KS Pozna\u0144?<\/strong> <\/p>\n\n\n\n<p>\u0141ukasz Klapczy\u0144ski: <em>Z klubem SKF KS Pozna\u0144 zawsze mieli\u015bmy dobre relacje i my\u015bl\u0119, \u017ce wci\u0105\u017c takie pozostan\u0105. Rywalizowali\u015bmy wielokrotnie na poziomie 2, czy 3 ligi kobiet oraz w kategoriach m\u0142odzie\u017cowych i minisiatkowki. Trzymam kciuki za rozw\u00f3j waszego projektu i by\u0107 mo\u017ce w przysz\u0142o\u015bci powr\u00f3t do 2 ligi.<\/em><\/p>\n\n\n\n<figure class=\"wp-block-image size-large\"><img decoding=\"async\" loading=\"lazy\" width=\"683\" height=\"1024\" src=\"http:\/\/skfks.pl\/wp-content\/uploads\/2025\/08\/NABOR-2025-683x1024.png\" alt=\"\" class=\"wp-image-67637\" srcset=\"https:\/\/skfks.pl\/wp-content\/uploads\/2025\/08\/NABOR-2025-683x1024.png 683w, https:\/\/skfks.pl\/wp-content\/uploads\/2025\/08\/NABOR-2025-200x300.png 200w, https:\/\/skfks.pl\/wp-content\/uploads\/2025\/08\/NABOR-2025-768x1152.png 768w, https:\/\/skfks.pl\/wp-content\/uploads\/2025\/08\/NABOR-2025.png 800w\" sizes=\"(max-width: 683px) 100vw, 683px\" \/><\/figure>\n","protected":false},"excerpt":{"rendered":"<p>Witam. Jak zacz\u0119\u0142a si\u0119 Pana przygoda z siatk\u00f3wk\u0105 i czym ona jest dla Pana? \u0141ukasz Klapczy\u0144ski: Witam, Przygoda z siatk\u00f3wk\u0105 rozpocz\u0119\u0142a si\u0119 jeszcze w szkole podstawowej w Kwilczu dzi\u0119ki mojemu w-fi\u015bcie Panu Zbyszkowi Susowi, kt\u00f3ry nauczy\u0142 mnie podstaw tego sportu. P\u00f3\u017aniej przygod\u0119 jako zawodnik amator kontynuowa\u0142em w liceum i na studiach, a po ich zako\u0144czeniu [&hellip;]<\/p>\n","protected":false},"author":4,"featured_media":67760,"comment_status":"closed","ping_status":"closed","sticky":false,"template":"","format":"standard","meta":{"ngg_post_thumbnail":0},"categories":[3],"tags":[],"_links":{"self":[{"href":"https:\/\/skfks.pl\/index.php?rest_route=\/wp\/v2\/posts\/67757"}],"collection":[{"href":"https:\/\/skfks.pl\/index.php?rest_route=\/wp\/v2\/posts"}],"about":[{"href":"https:\/\/skfks.pl\/index.php?rest_route=\/wp\/v2\/types\/post"}],"author":[{"embeddable":true,"href":"https:\/\/skfks.pl\/index.php?rest_route=\/wp\/v2\/users\/4"}],"replies":[{"embeddable":true,"href":"https:\/\/skfks.pl\/index.php?rest_route=%2Fwp%2Fv2%2Fcomments&post=67757"}],"version-history":[{"count":3,"href":"https:\/\/skfks.pl\/index.php?rest_route=\/wp\/v2\/posts\/67757\/revisions"}],"predecessor-version":[{"id":67767,"href":"https:\/\/skfks.pl\/index.php?rest_route=\/wp\/v2\/posts\/67757\/revisions\/67767"}],"wp:featuredmedia":[{"embeddable":true,"href":"https:\/\/skfks.pl\/index.php?rest_route=\/wp\/v2\/media\/67760"}],"wp:attachment":[{"href":"https:\/\/skfks.pl\/index.php?rest_route=%2Fwp%2Fv2%2Fmedia&parent=67757"}],"wp:term":[{"taxonomy":"category","embeddable":true,"href":"https:\/\/skfks.pl\/index.php?rest_route=%2Fwp%2Fv2%2Fcategories&post=67757"},{"taxonomy":"post_tag","embeddable":true,"href":"https:\/\/skfks.pl\/index.php?rest_route=%2Fwp%2Fv2%2Ftags&post=67757"}],"curies":[{"name":"wp","href":"https:\/\/api.w.org\/{rel}","templated":true}]}}