{"id":67750,"date":"2025-09-11T12:36:29","date_gmt":"2025-09-11T12:36:29","guid":{"rendered":"http:\/\/skfks.pl\/?p=67750"},"modified":"2025-09-11T12:36:31","modified_gmt":"2025-09-11T12:36:31","slug":"w-poznaniu-odbylo-sie-szkolenie-sedziow-wzps","status":"publish","type":"post","link":"https:\/\/skfks.pl\/?p=67750","title":{"rendered":"W Poznaniu odby\u0142o si\u0119 szkolenie s\u0119dzi\u00f3w WZPS"},"content":{"rendered":"\n<p>Nieod\u0142\u0105cznym element pracy s\u0119dzi\u00f3w jest przedsezonowa kursokonferencja, kt\u00f3ra mia\u0142a miejsce w weekend 6 \u2013 7 wrze\u015bnia. Spotkanie odby\u0142o si\u0119 w pozna\u0144skim hotelu Lechicka.<\/p>\n\n\n\n<p>Po oficjalnym otwarciu tegorocznego spotkania przez Przewodnicz\u0105cego Wydzia\u0142u S\u0119dziowskiego \u2013 \u0141ukasza Mischke oraz Prezesa WZPS \u2013 Jacka Bro\u0144skiego, przywitano nowe osoby w gronie s\u0119dziowskim oraz wyr\u00f3\u017cniono osoby, kt\u00f3rym na najbli\u017cszy sezon podwy\u017cszone zosta\u0142y uprawnienia lub klasy s\u0119dziowskie.<\/p>\n\n\n\n<figure class=\"wp-block-image\"><a href=\"https:\/\/wzps.poznan.pl\/wp-content\/uploads\/2025\/09\/ycciSNNL.jpg\"><img decoding=\"async\" src=\"https:\/\/wzps.poznan.pl\/wp-content\/uploads\/2025\/09\/ycciSNNL-225x300.jpg\" alt=\"\" class=\"wp-image-7812\"\/><\/a><\/figure>\n\n\n\n<figure class=\"wp-block-image\"><a href=\"https:\/\/wzps.poznan.pl\/wp-content\/uploads\/2025\/09\/HlU6HzDK.jpg\"><img decoding=\"async\" src=\"https:\/\/wzps.poznan.pl\/wp-content\/uploads\/2025\/09\/HlU6HzDK-225x300.jpg\" alt=\"\" class=\"wp-image-7811\"\/><\/a><\/figure>\n\n\n\n<figure class=\"wp-block-image\"><a href=\"https:\/\/wzps.poznan.pl\/wp-content\/uploads\/2025\/09\/ZLS1_DiZ.jpg\"><img decoding=\"async\" src=\"https:\/\/wzps.poznan.pl\/wp-content\/uploads\/2025\/09\/ZLS1_DiZ-225x300.jpg\" alt=\"\" class=\"wp-image-7810\"\/><\/a><\/figure>\n\n\n\n<figure class=\"wp-block-image\"><a href=\"https:\/\/wzps.poznan.pl\/wp-content\/uploads\/2025\/09\/oXedF3D5.jpg\"><img decoding=\"async\" src=\"https:\/\/wzps.poznan.pl\/wp-content\/uploads\/2025\/09\/oXedF3D5-300x225.jpg\" alt=\"\" class=\"wp-image-7807\"\/><\/a><\/figure>\n\n\n\n<figure class=\"wp-block-image\"><a href=\"https:\/\/wzps.poznan.pl\/wp-content\/uploads\/2025\/09\/LQB5mebR.jpg\"><img decoding=\"async\" src=\"https:\/\/wzps.poznan.pl\/wp-content\/uploads\/2025\/09\/LQB5mebR-225x300.jpg\" alt=\"\" class=\"wp-image-7809\"\/><\/a><\/figure>\n\n\n\n<figure class=\"wp-block-image\"><a href=\"https:\/\/wzps.poznan.pl\/wp-content\/uploads\/2025\/09\/GC0NliPG.jpg\"><img decoding=\"async\" src=\"https:\/\/wzps.poznan.pl\/wp-content\/uploads\/2025\/09\/GC0NliPG-300x225.jpg\" alt=\"\" class=\"wp-image-7806\"\/><\/a><\/figure>\n\n\n\n<figure class=\"wp-block-image\"><a href=\"https:\/\/wzps.poznan.pl\/wp-content\/uploads\/2025\/09\/NcMmYcF7.jpg\"><img decoding=\"async\" src=\"https:\/\/wzps.poznan.pl\/wp-content\/uploads\/2025\/09\/NcMmYcF7-225x300.jpg\" alt=\"\" class=\"wp-image-7805\"\/><\/a><\/figure>\n\n\n\n<figure class=\"wp-block-image\"><a href=\"https:\/\/wzps.poznan.pl\/wp-content\/uploads\/2025\/09\/otp2j_HR.jpg\"><img decoding=\"async\" src=\"https:\/\/wzps.poznan.pl\/wp-content\/uploads\/2025\/09\/otp2j_HR-300x225.jpg\" alt=\"\" class=\"wp-image-7808\"\/><\/a><\/figure>\n\n\n\n<figure class=\"wp-block-image\"><a href=\"https:\/\/wzps.poznan.pl\/wp-content\/uploads\/2025\/09\/SwCprozX.jpg\"><img decoding=\"async\" src=\"https:\/\/wzps.poznan.pl\/wp-content\/uploads\/2025\/09\/SwCprozX-300x225.jpg\" alt=\"\" class=\"wp-image-7804\"\/><\/a><\/figure>\n\n\n\n<p>Nast\u0119pnie przeprowadzone zosta\u0142o szkolenie z protoko\u0142u elektronicznego, kt\u00f3ry w nadchodz\u0105cym sezonie b\u0119dzie obowi\u0105zywa\u0142 tak\u017ce w rozgrywkach kategorii junior\/juniorka oraz kadet\/kadetka. &nbsp;Nie zabrak\u0142o r\u00f3wnie\u017c zaj\u0119\u0107 teoretycznych, podczas kt\u00f3rych om\u00f3wione zosta\u0142y m.in. zmiany w Przepisach Gry oraz nowe przypadki z Casebooka. Cz\u0119\u015b\u0107 szkoleniowa zosta\u0142a zwie\u0144czona testem z przepis\u00f3w, za kt\u00f3rego przygotowanie \u2013 tradycyjnie ju\u017c \u2013 odpowiada\u0142 Bartosz \u015awist.<\/p>\n\n\n\n<figure class=\"wp-block-image\"><a href=\"https:\/\/wzps.poznan.pl\/wp-content\/uploads\/2025\/09\/2DaXlJBB.jpg\"><img decoding=\"async\" src=\"https:\/\/wzps.poznan.pl\/wp-content\/uploads\/2025\/09\/2DaXlJBB-300x225.jpg\" alt=\"\" class=\"wp-image-7814\"\/><\/a><\/figure>\n\n\n\n<figure class=\"wp-block-image\"><a href=\"https:\/\/wzps.poznan.pl\/wp-content\/uploads\/2025\/09\/pQYmz4rh.jpg\"><img decoding=\"async\" src=\"https:\/\/wzps.poznan.pl\/wp-content\/uploads\/2025\/09\/pQYmz4rh-225x300.jpg\" alt=\"\" class=\"wp-image-7813\"\/><\/a><\/figure>\n\n\n\n<p>Po sprawdzeniu wiedzy przyszed\u0142 czas na integracj\u0119, kt\u00f3ra jak co roku trwa\u0142a do p\u00f3\u017anych godzin nocnych\u2026<\/p>\n\n\n<div class=\"wp-block-image\">\n<figure class=\"aligncenter\"><a href=\"https:\/\/wzps.poznan.pl\/wp-content\/uploads\/2025\/09\/545561374_122189279282358891_944516468731760293_n.jpg\"><img decoding=\"async\" src=\"https:\/\/wzps.poznan.pl\/wp-content\/uploads\/2025\/09\/545561374_122189279282358891_944516468731760293_n-300x139.jpg\" alt=\"\" class=\"wp-image-7815\"\/><\/a><\/figure><\/div>\n\n\n<p>W niedzielny poranek, po ostatnim bloku zaj\u0119\u0107, wszyscy wielkopolscy s\u0119dziowie wr\u00f3cili do dom\u00f3w z od\u015bwie\u017con\u0105 wiedz\u0105, gotowi do rozpocz\u0119cia sezonu 2025\/2026!<\/p>\n\n\n\n<p>Wydzia\u0142owi S\u0119dziowskiemu dzi\u0119kujemy za przygotowanie szkolenia, a wszystkim naszym arbitrom \u017cyczymy samych dobrych decyzji w nadchodz\u0105cym sezonie!<\/p>\n\n\n\n<figure class=\"wp-block-image size-large\"><img decoding=\"async\" loading=\"lazy\" width=\"576\" height=\"1024\" src=\"http:\/\/skfks.pl\/wp-content\/uploads\/2024\/10\/1-1-576x1024.png\" alt=\"\" class=\"wp-image-65924\" srcset=\"https:\/\/skfks.pl\/wp-content\/uploads\/2024\/10\/1-1-576x1024.png 576w, https:\/\/skfks.pl\/wp-content\/uploads\/2024\/10\/1-1-169x300.png 169w, https:\/\/skfks.pl\/wp-content\/uploads\/2024\/10\/1-1-768x1365.png 768w, https:\/\/skfks.pl\/wp-content\/uploads\/2024\/10\/1-1-864x1536.png 864w, https:\/\/skfks.pl\/wp-content\/uploads\/2024\/10\/1-1.png 1080w\" sizes=\"(max-width: 576px) 100vw, 576px\" \/><\/figure>\n","protected":false},"excerpt":{"rendered":"<p>Nieod\u0142\u0105cznym element pracy s\u0119dzi\u00f3w jest przedsezonowa kursokonferencja, kt\u00f3ra mia\u0142a miejsce w weekend 6 \u2013 7 wrze\u015bnia. Spotkanie odby\u0142o si\u0119 w pozna\u0144skim hotelu Lechicka. Po oficjalnym otwarciu tegorocznego spotkania przez Przewodnicz\u0105cego Wydzia\u0142u S\u0119dziowskiego \u2013 \u0141ukasza Mischke oraz Prezesa WZPS \u2013 Jacka Bro\u0144skiego, przywitano nowe osoby w gronie s\u0119dziowskim oraz wyr\u00f3\u017cniono osoby, kt\u00f3rym na najbli\u017cszy sezon podwy\u017cszone [&hellip;]<\/p>\n","protected":false},"author":6,"featured_media":67217,"comment_status":"closed","ping_status":"closed","sticky":false,"template":"","format":"standard","meta":{"ngg_post_thumbnail":0},"categories":[3],"tags":[],"_links":{"self":[{"href":"https:\/\/skfks.pl\/index.php?rest_route=\/wp\/v2\/posts\/67750"}],"collection":[{"href":"https:\/\/skfks.pl\/index.php?rest_route=\/wp\/v2\/posts"}],"about":[{"href":"https:\/\/skfks.pl\/index.php?rest_route=\/wp\/v2\/types\/post"}],"author":[{"embeddable":true,"href":"https:\/\/skfks.pl\/index.php?rest_route=\/wp\/v2\/users\/6"}],"replies":[{"embeddable":true,"href":"https:\/\/skfks.pl\/index.php?rest_route=%2Fwp%2Fv2%2Fcomments&post=67750"}],"version-history":[{"count":1,"href":"https:\/\/skfks.pl\/index.php?rest_route=\/wp\/v2\/posts\/67750\/revisions"}],"predecessor-version":[{"id":67752,"href":"https:\/\/skfks.pl\/index.php?rest_route=\/wp\/v2\/posts\/67750\/revisions\/67752"}],"wp:featuredmedia":[{"embeddable":true,"href":"https:\/\/skfks.pl\/index.php?rest_route=\/wp\/v2\/media\/67217"}],"wp:attachment":[{"href":"https:\/\/skfks.pl\/index.php?rest_route=%2Fwp%2Fv2%2Fmedia&parent=67750"}],"wp:term":[{"taxonomy":"category","embeddable":true,"href":"https:\/\/skfks.pl\/index.php?rest_route=%2Fwp%2Fv2%2Fcategories&post=67750"},{"taxonomy":"post_tag","embeddable":true,"href":"https:\/\/skfks.pl\/index.php?rest_route=%2Fwp%2Fv2%2Ftags&post=67750"}],"curies":[{"name":"wp","href":"https:\/\/api.w.org\/{rel}","templated":true}]}}