{"id":67743,"date":"2025-09-09T07:01:22","date_gmt":"2025-09-09T07:01:22","guid":{"rendered":"http:\/\/skfks.pl\/?p=67743"},"modified":"2025-09-09T07:01:59","modified_gmt":"2025-09-09T07:01:59","slug":"szkolenie-trenerow-za-nami","status":"publish","type":"post","link":"https:\/\/skfks.pl\/?p=67743","title":{"rendered":"Szkolenie trener\u00f3w za Nami!"},"content":{"rendered":"\n<p>Za nami Konferencja Szkoleniowo \u2013 Licencyjna dla trener\u00f3w i instruktor\u00f3w 2025, kt\u00f3ra odby\u0142a si\u0119 7 wrze\u015bnia.<\/p>\n\n\n\n<p>Podczas spotkania blisko 150 uczestnik\u00f3w i uczestniczek zapozna\u0142o si\u0119 z informacjami o rozgrywkach, nowo\u015bciach w przepisach od najbli\u017cszego sezonu oraz poznali par\u0119 nowych informacji od zaproszonych go\u015bci: dr nauk psychologii sportu Przemys\u0142aw Pieczy\u0144ski, cz\u0142onek sztabu V-ce Mistrz\u00f3w \u015awiata U-19 Micha\u0142 Adamczewski.<\/p>\n\n\n\n<figure class=\"wp-block-image\"><a href=\"https:\/\/wzps.poznan.pl\/wp-content\/uploads\/2025\/09\/545170406_1138937845000411_3698482323831910298_n.jpg\"><img decoding=\"async\" src=\"https:\/\/wzps.poznan.pl\/wp-content\/uploads\/2025\/09\/545170406_1138937845000411_3698482323831910298_n-300x225.jpg\" alt=\"\" class=\"wp-image-7822\"\/><\/a><\/figure>\n\n\n\n<figure class=\"wp-block-image\"><a href=\"https:\/\/wzps.poznan.pl\/wp-content\/uploads\/2025\/09\/544766072_1138937928333736_7289900664473720777_n.jpg\"><img decoding=\"async\" src=\"https:\/\/wzps.poznan.pl\/wp-content\/uploads\/2025\/09\/544766072_1138937928333736_7289900664473720777_n-225x300.jpg\" alt=\"\" class=\"wp-image-7823\"\/><\/a><\/figure>\n\n\n\n<figure class=\"wp-block-image\"><a href=\"https:\/\/wzps.poznan.pl\/wp-content\/uploads\/2025\/09\/545433835_1138937831667079_5417494983907779878_n.jpg\"><img decoding=\"async\" src=\"https:\/\/wzps.poznan.pl\/wp-content\/uploads\/2025\/09\/545433835_1138937831667079_5417494983907779878_n-300x225.jpg\" alt=\"\" class=\"wp-image-7824\"\/><\/a><\/figure>\n\n\n\n<p>Odby\u0142a si\u0119 r\u00f3wnie\u017c cz\u0119\u015b\u0107 praktyczna zaj\u0119\u0107, kt\u00f3rych wyk\u0142adowcami byli: Wojciech Lalek, Wojciech Kasza ( II trener kadry U-16 dziewcz\u0105t \u2013 Mistrzy\u0144 \u015awiata) oraz Artur Sierzchu\u0142a ( I trener kadry U-16 m\u0119\u017cczyzn \u2013 4 miejsce ME).<\/p>\n\n\n\n<figure class=\"wp-block-image\"><a href=\"https:\/\/wzps.poznan.pl\/wp-content\/uploads\/2025\/09\/544794810_1138937908333738_5137663068996561823_n.jpg\"><img decoding=\"async\" src=\"https:\/\/wzps.poznan.pl\/wp-content\/uploads\/2025\/09\/544794810_1138937908333738_5137663068996561823_n-225x300.jpg\" alt=\"\" class=\"wp-image-7820\"\/><\/a><\/figure>\n\n\n\n<figure class=\"wp-block-image\"><a href=\"https:\/\/wzps.poznan.pl\/wp-content\/uploads\/2025\/09\/545413622_1138937901667072_8533370954260064213_n.jpg\"><img decoding=\"async\" src=\"https:\/\/wzps.poznan.pl\/wp-content\/uploads\/2025\/09\/545413622_1138937901667072_8533370954260064213_n-300x225.jpg\" alt=\"\" class=\"wp-image-7821\"\/><\/a><\/figure>\n\n\n\n<figure class=\"wp-block-image\"><a href=\"https:\/\/wzps.poznan.pl\/wp-content\/uploads\/2025\/09\/545553461_1138934371667425_8350132034680646246_n.jpg\"><img decoding=\"async\" src=\"https:\/\/wzps.poznan.pl\/wp-content\/uploads\/2025\/09\/545553461_1138934371667425_8350132034680646246_n-300x225.jpg\" alt=\"\" class=\"wp-image-7819\"\/><\/a><\/figure>\n\n\n\n<p>Dzi\u0119kujemy za go\u015bcin\u0119 dyrekcji Zespo\u0142owi Szk\u00f3\u0142 z Oddzia\u0142ami Sportowymi nr 1 w Poznaniu oraz za pomoc przy organizacji spotkania&nbsp;IUKS Jedynka Pozna\u0144<\/p>\n\n\n\n<p>\u017byczymy powodzenia w nadchodz\u0105cym sezonie rozgrywek zar\u00f3wno w wojew\u00f3dztwie Wielkopolskim jak i na arenie krajowej.<\/p>\n\n\n\n<figure class=\"wp-block-image size-large\"><img decoding=\"async\" loading=\"lazy\" width=\"576\" height=\"1024\" src=\"http:\/\/skfks.pl\/wp-content\/uploads\/2024\/10\/1-1-576x1024.png\" alt=\"\" class=\"wp-image-65924\" srcset=\"https:\/\/skfks.pl\/wp-content\/uploads\/2024\/10\/1-1-576x1024.png 576w, https:\/\/skfks.pl\/wp-content\/uploads\/2024\/10\/1-1-169x300.png 169w, https:\/\/skfks.pl\/wp-content\/uploads\/2024\/10\/1-1-768x1365.png 768w, https:\/\/skfks.pl\/wp-content\/uploads\/2024\/10\/1-1-864x1536.png 864w, https:\/\/skfks.pl\/wp-content\/uploads\/2024\/10\/1-1.png 1080w\" sizes=\"(max-width: 576px) 100vw, 576px\" \/><\/figure>\n","protected":false},"excerpt":{"rendered":"<p>Za nami Konferencja Szkoleniowo \u2013 Licencyjna dla trener\u00f3w i instruktor\u00f3w 2025, kt\u00f3ra odby\u0142a si\u0119 7 wrze\u015bnia. Podczas spotkania blisko 150 uczestnik\u00f3w i uczestniczek zapozna\u0142o si\u0119 z informacjami o rozgrywkach, nowo\u015bciach w przepisach od najbli\u017cszego sezonu oraz poznali par\u0119 nowych informacji od zaproszonych go\u015bci: dr nauk psychologii sportu Przemys\u0142aw Pieczy\u0144ski, cz\u0142onek sztabu V-ce Mistrz\u00f3w \u015awiata U-19 [&hellip;]<\/p>\n","protected":false},"author":6,"featured_media":67637,"comment_status":"closed","ping_status":"closed","sticky":false,"template":"","format":"standard","meta":{"ngg_post_thumbnail":0},"categories":[3],"tags":[],"_links":{"self":[{"href":"https:\/\/skfks.pl\/index.php?rest_route=\/wp\/v2\/posts\/67743"}],"collection":[{"href":"https:\/\/skfks.pl\/index.php?rest_route=\/wp\/v2\/posts"}],"about":[{"href":"https:\/\/skfks.pl\/index.php?rest_route=\/wp\/v2\/types\/post"}],"author":[{"embeddable":true,"href":"https:\/\/skfks.pl\/index.php?rest_route=\/wp\/v2\/users\/6"}],"replies":[{"embeddable":true,"href":"https:\/\/skfks.pl\/index.php?rest_route=%2Fwp%2Fv2%2Fcomments&post=67743"}],"version-history":[{"count":1,"href":"https:\/\/skfks.pl\/index.php?rest_route=\/wp\/v2\/posts\/67743\/revisions"}],"predecessor-version":[{"id":67745,"href":"https:\/\/skfks.pl\/index.php?rest_route=\/wp\/v2\/posts\/67743\/revisions\/67745"}],"wp:featuredmedia":[{"embeddable":true,"href":"https:\/\/skfks.pl\/index.php?rest_route=\/wp\/v2\/media\/67637"}],"wp:attachment":[{"href":"https:\/\/skfks.pl\/index.php?rest_route=%2Fwp%2Fv2%2Fmedia&parent=67743"}],"wp:term":[{"taxonomy":"category","embeddable":true,"href":"https:\/\/skfks.pl\/index.php?rest_route=%2Fwp%2Fv2%2Fcategories&post=67743"},{"taxonomy":"post_tag","embeddable":true,"href":"https:\/\/skfks.pl\/index.php?rest_route=%2Fwp%2Fv2%2Ftags&post=67743"}],"curies":[{"name":"wp","href":"https:\/\/api.w.org\/{rel}","templated":true}]}}