{"id":67700,"date":"2025-09-02T04:56:01","date_gmt":"2025-09-02T04:56:01","guid":{"rendered":"http:\/\/skfks.pl\/?p=67700"},"modified":"2025-09-02T04:56:25","modified_gmt":"2025-09-02T04:56:25","slug":"krzysztof-ratajczak-radio-to-moja-milosc-rozmowa","status":"publish","type":"post","link":"https:\/\/skfks.pl\/?p=67700","title":{"rendered":"Krzysztof Ratajczak: &#8222;Radio to moja mi\u0142o\u015b\u0107&#8221; &#8211; rozmowa"},"content":{"rendered":"\n<p><strong>Wit<\/strong><em>\u200b<\/em><strong>am serdecznie. Od wielu lat jest Pan dziennikarzem sportowym. Jak zacz\u0119\u0142a si\u0119 Pana przygoda z tym zawodem i jak si\u0119 Pan czuje jako \u017cywa legenda dziennikarstwa?<\/strong><\/p>\n\n\n\n<blockquote class=\"wp-block-quote\">\n<p><em>-Dziennikarzem sportowym chcia\u0142em by\u0107 od&#8230;zawsze. Nawet w szkole podstawowej, gdy rozmawiali\u015bmy o przysz\u0142ej i wymarzonej profesji m\u00f3wi\u0142em o zawodzie sprawozdawcy radiowego. Tak mia\u0142em i ju\u017c. Co prawda sko\u0144czy\u0142em studia prawnicze, ale nigdy tych marze\u0144 si\u0119 nie pozby\u0142em. I jak wida\u0107, a mo\u017ce bardzie s\u0142ycha\u0107-uda\u0142o si\u0119. Najpierw by\u0142em dziennikarzem pisz\u0105cym, p\u00f3\u017aniej trafi\u0142em do radia i tak zosta\u0142o od ponad 30 lat. Ch\u0119tnie wsp\u00f3\u0142pracuj\u0119 te\u017c z TVP, ale traktuj\u0119 to jako mi\u0142\u0105 przygod\u0119. Radio to &#8211; m\u00f3wi\u0105c g\u00f3rnolotnie &#8211; moja mi\u0142o\u015b\u0107.<\/em><\/p>\n\n\n\n<p><strong>Jak ocenia Pan poziom siatk\u00f3wki w Poznaniu i Wielkopolsce?<\/strong><\/p>\n\n\n\n<p>&#8211;<em>Tu rozr\u00f3\u017cni\u0142bym dwie kwestie. Siatk\u00f3wka m\u0142odzie\u017cowa to absolutnie krajowy top. Niestety, je\u015bli chodzi o t\u0119 profesjonaln\u0105-ligow\u0105 to obecnie zdecydowanie na minus. Brak dru\u017cyn w Plus Lidze czy Tauron Lidze jest bolesn\u0105 spraw\u0105. Wierz\u0119, \u017ce nast\u0105pi prze\u0142om, patrz\u0105c na prac\u0119 w KS Pi\u0142a czy pr\u00f3b\u0119 odrodzenia mocniejszej ni\u017c ostatnio ekipy w Kaliszu. Na Pozna\u0144 spuszczam kurtyn\u0119 milczenia, bo tu nie widz\u0119 perspektyw. Nie ma klasowych klubowych mened\u017cer\u00f3w z ambicjami&nbsp; i oczywi\u015bcie sponsor\u00f3w, kt\u00f3rzy mogliby zosta\u0107 przekonani do zainwestowania w dru\u017cyny ligowe. Przykre&#8230;<\/em><\/p>\n\n\n\n<p><strong>Jak ocenia Pan dzia\u0142alno\u015b\u0107 Wielkopolskiego Zwi\u0105zku Pi\u0142ki Siatkowej?<\/strong><\/p>\n\n\n\n<p>&#8211;<em>B\u0119dzie nieco dyplomatycznie, bo by\u0142em spo\u0142ecznym prezesem tego zwi\u0105zku przez 4 lata i&#8230;trafi\u0142em na znakomity czas naszych ligowych klub\u00f3w. W kobiecej ekstraklasie medale zdobywa\u0142y a\u017c 3 dru\u017cyny &#8211; Nafta Gaz Pi\u0142a, kaliskie Winiary i Danter AZS AWF. A do Plus Ligi na kr\u00f3tko, ale jednak, awansowa\u0142 Joker Pi\u0142a. Si\u0142a WZPS polega wi\u0119c g\u0142ownie na sile klub\u00f3w ligowych, bo one te\u017c s\u0105 trampolin\u0105 do zainteresowania i dobrego szkolenia m\u0142odzie\u017cy. Teraz trenerzy fajnie pracuj\u0105 z m\u0142odymi siatkarkami i siatkarzami, a owoce zbieraj\u0105 kluby z innych region\u00f3w. Z \u017calem stwierdzam, \u017ce jeste\u015bmy na peryferiach du\u017cej siatk\u00f3wki, tak\u017ce z perspektywy organizacji imprez mi\u0119dzynarodowych. Pami\u0119tam, gdy wsp\u00f3lnie ze \u015b.p. Markiem Bykowskim starali\u015bmy si\u0119 o mecze Ligi \u015awiatowej czy krajowe batalie o Superpuchar. No, ale wtedy pozna\u0144ska Arena by\u0142a jedn\u0105 z topowych hal, a takim ludziom jak te\u017c nie\u017cyj\u0105cy ju\u017c wiceprezydent Maciej Frankiewicz czy te\u017c \u00f3wczesny radny Ryszard \u015aliwa i szefowej sportu w magistracie Ewie B\u0105k zale\u017ca\u0142o, aby wielkie imprezy w najbardziej popularnych grach zespo\u0142owych nie omija\u0142y stolicy Wielkopolski. Jestem z natury optymist\u0105, ale nawet w przypadku zmodernizowania Areny nie wierz\u0119 w powr\u00f3t takich wydarze\u0144. Pod tym wzgl\u0119dem inne miasta nam uciek\u0142y i nawet lobbowanie w\u0142adz WZPS czy os\u00f3b b\u0119d\u0105cych w innych funkcjach przy PZPS lub PLS mo\u017ce niewiele pom\u00f3c. Ca\u0142y czas jednak trzymam kciuki, aby w ca\u0142ej naszej wielkopolskiej siatk\u00f3wce uda\u0142o si\u0119 wr\u00f3ci\u0107 na mocniejs\u017c\u0105 pozycj\u0119.<\/em><\/p>\n\n\n\n<p><strong>Jakie cechy Pana zdaniem powinien mie\u0107 dobry dziennikarz sportowy?<\/strong><\/p>\n\n\n\n<p>&#8211;<em>Przede wszystkim trzeba by\u0107 pasjonatem tego co si\u0119 robi. To nie jest praca od 7.00 do 15.00. Tym si\u0119 \u017cyje ca\u0142y czas. Poza tym oczywisto\u015bci takie jak obiektywizm, dobry warsztat w pisaniu i m\u00f3wieniu o sporcie, totalny brak sztuczno\u015bci, bo kibice szybko wyczuwaj\u0105 jakikolwiek fa\u0142sz. Opr\u00f3cz pracowito\u015bci troch\u0119 talentu i&#8230;szcz\u0119\u015bcia te\u017c nie zaszkodzi.<\/em><\/p>\n\n\n\n<p><strong>Co lubi Pan robi\u0107 w czasie wolnym?<\/strong><\/p>\n\n\n\n<p>&#8211;<em>Najbardziej odsypia\u0107 zaleg\u0142o\u015bci, a ponadto czyta\u0107 literatur\u0119 faktu niekoniecznie zwi\u0105zan\u0105 ze sportem. Lubi\u0119 te\u017c ogl\u0105da\u0107 g\u0142\u00f3wnie&#8230;polskie filmy i seriale. A i gdyby to pytanie pad\u0142o, to wol\u0119 wypoczywa\u0107 nad morzem, a nie w g\u00f3rach \ud83d\ude42<\/em><\/p>\n<\/blockquote>\n\n\n\n<figure class=\"wp-block-image size-large\"><img decoding=\"async\" loading=\"lazy\" width=\"1024\" height=\"1020\" src=\"http:\/\/skfks.pl\/wp-content\/uploads\/2025\/09\/500814627_29942345785378691_2520984258961585054_n-1024x1020.jpg\" alt=\"\" class=\"wp-image-67703\" srcset=\"https:\/\/skfks.pl\/wp-content\/uploads\/2025\/09\/500814627_29942345785378691_2520984258961585054_n-1024x1020.jpg 1024w, https:\/\/skfks.pl\/wp-content\/uploads\/2025\/09\/500814627_29942345785378691_2520984258961585054_n-300x300.jpg 300w, https:\/\/skfks.pl\/wp-content\/uploads\/2025\/09\/500814627_29942345785378691_2520984258961585054_n-150x150.jpg 150w, https:\/\/skfks.pl\/wp-content\/uploads\/2025\/09\/500814627_29942345785378691_2520984258961585054_n-768x765.jpg 768w, https:\/\/skfks.pl\/wp-content\/uploads\/2025\/09\/500814627_29942345785378691_2520984258961585054_n.jpg 1080w\" sizes=\"(max-width: 1024px) 100vw, 1024px\" \/><\/figure>\n","protected":false},"excerpt":{"rendered":"<p>Wit\u200bam serdecznie. Od wielu lat jest Pan dziennikarzem sportowym. Jak zacz\u0119\u0142a si\u0119 Pana przygoda z tym zawodem i jak si\u0119 Pan czuje jako \u017cywa legenda dziennikarstwa? -Dziennikarzem sportowym chcia\u0142em by\u0107 od&#8230;zawsze. Nawet w szkole podstawowej, gdy rozmawiali\u015bmy o przysz\u0142ej i wymarzonej profesji m\u00f3wi\u0142em o zawodzie sprawozdawcy radiowego. Tak mia\u0142em i ju\u017c. Co prawda sko\u0144czy\u0142em studia [&hellip;]<\/p>\n","protected":false},"author":6,"featured_media":67702,"comment_status":"closed","ping_status":"closed","sticky":false,"template":"","format":"standard","meta":{"ngg_post_thumbnail":0},"categories":[3],"tags":[],"_links":{"self":[{"href":"https:\/\/skfks.pl\/index.php?rest_route=\/wp\/v2\/posts\/67700"}],"collection":[{"href":"https:\/\/skfks.pl\/index.php?rest_route=\/wp\/v2\/posts"}],"about":[{"href":"https:\/\/skfks.pl\/index.php?rest_route=\/wp\/v2\/types\/post"}],"author":[{"embeddable":true,"href":"https:\/\/skfks.pl\/index.php?rest_route=\/wp\/v2\/users\/6"}],"replies":[{"embeddable":true,"href":"https:\/\/skfks.pl\/index.php?rest_route=%2Fwp%2Fv2%2Fcomments&post=67700"}],"version-history":[{"count":1,"href":"https:\/\/skfks.pl\/index.php?rest_route=\/wp\/v2\/posts\/67700\/revisions"}],"predecessor-version":[{"id":67704,"href":"https:\/\/skfks.pl\/index.php?rest_route=\/wp\/v2\/posts\/67700\/revisions\/67704"}],"wp:featuredmedia":[{"embeddable":true,"href":"https:\/\/skfks.pl\/index.php?rest_route=\/wp\/v2\/media\/67702"}],"wp:attachment":[{"href":"https:\/\/skfks.pl\/index.php?rest_route=%2Fwp%2Fv2%2Fmedia&parent=67700"}],"wp:term":[{"taxonomy":"category","embeddable":true,"href":"https:\/\/skfks.pl\/index.php?rest_route=%2Fwp%2Fv2%2Fcategories&post=67700"},{"taxonomy":"post_tag","embeddable":true,"href":"https:\/\/skfks.pl\/index.php?rest_route=%2Fwp%2Fv2%2Ftags&post=67700"}],"curies":[{"name":"wp","href":"https:\/\/api.w.org\/{rel}","templated":true}]}}