{"id":67652,"date":"2025-08-29T00:00:00","date_gmt":"2025-08-29T00:00:00","guid":{"rendered":"http:\/\/skfks.pl\/?p=67652"},"modified":"2025-08-29T00:01:47","modified_gmt":"2025-08-29T00:01:47","slug":"67652","status":"publish","type":"post","link":"https:\/\/skfks.pl\/?p=67652","title":{"rendered":"Jacek Kubiak: &#8222;Siatk\u00f3wka pla\u017cowa to moja pasja od lat&#8221; &#8211; rozmowa"},"content":{"rendered":"\n<p><strong>Witam jak zacz\u0119\u0142a si\u0119 Pana przygoda z siatk\u00f3wk\u0105 i czym Ona jest dla Pana?<\/strong><\/p>\n\n\n\n<p>Jacek Kubiak; <em>Moi rodzice byli zawodowymi sportowcami, wi\u0119c mia\u0142em fantastyczne wzorce, kt\u00f3re od dziecka na\u015bladowa\u0142em. Zanim zacz\u0105\u0142em gra\u0107 w siatk\u00f3wk\u0119 trenowa\u0142em pi\u0142k\u0119 no\u017cn\u0105 i tenisa sto\u0142owego. Tu ciekawostka &#8211; moj\u0105 trenerk\u0105 by\u0142a wtedy Dagmara Ciarka, obecnie trenerka siatk\u00f3wki. Cz\u0119sto na rozgrzewk\u0119 przed treningiem grali\u015bmy mi\u0119dzy innymi w siatk\u00f3wk\u0119. Jak ju\u017c zacz\u0119\u0142o nam to wychodzi\u0107 okaza\u0142o si\u0119, \u017ce ta dyscyplina sportu sprawia mi wi\u0119cej przyjemno\u015bci ni\u017c tenis sto\u0142owy. P\u00f3\u017aniej wraz z kolegami wygrali\u015bmy w naszej szkole turniej klas. Nast\u0119pnym krokiem by\u0142o do\u0142\u0105czenie do UKS Budowlanki Pozna\u0144 pod skrzyd\u0142a Ernesta Malanowskiego. P\u00f3\u017aniej gdy klub ten po\u0142\u0105czy\u0142 si\u0119 z UKS ZSO 4 Rataje Pozna\u0144 moim trenerem by\u0142 Zbigniew Wo\u017aniak. Du\u017cy szacunek mam tak\u017ce do mojego trenera z IV LO &#8211; Janusza Duszy\u0144skiego. On uczy\u0142 nas nie tylko tego co wa\u017cne jest na boisku, ale tak\u017ce tego jak nale\u017cy zachowywa\u0107 si\u0119 poza nim. Mia\u0142 bardzo du\u017cy wk\u0142ad na to jakimi jeste\u015bmy teraz lud\u017ami. P\u00f3\u017aniej trenowa\u0142 mnie tak\u017ce Damian Lisiecki &#8211; kilka medali Akademickich Mistrzostw Polski w barwach AZS UAM Pozna\u0144 uda\u0142o si\u0119 wsp\u00f3lnie z ch\u0142opakami zdoby\u0107.&nbsp;<\/em><\/p>\n\n\n\n<p><em>Czym jest dla mnie siatk\u00f3wka? Uwa\u017cam, \u017ce dla zdrowia psychicznego ka\u017cdy powinien mie\u0107 tak zwany &#8222;me-time&#8221;. Co\u015b co robisz dla siebie, tylko i wy\u0142\u0105cznie dlatego, \u017ce bardzo to lubisz. Siatk\u00f3wka zawsze czym\u015b takim dla mnie by\u0142a. Po\u0142\u0105czeniem ruchu fizycznego, mo\u017cliwo\u015bci\u0105 egzystowania w dru\u017cynie i poznania wielu wspania\u0142ych ludzi. Ilo\u015b\u0107 znajomo\u015bci jakie da\u0142a mi siatk\u00f3wka jest niewyobra\u017calna. Do dzisiaj grywam w Lubo\u0144skiej Amatorskiej Lidze Siatk\u00f3wki i na piasku.&nbsp;<\/em><\/p>\n\n\n\n<p><strong>Jeste\u015b mocno zaanga\u017cowany w Memoria\u0142 Arkadiusza Go\u0142asia. Opowiedz prosz\u0119 o tym?<\/strong><\/p>\n\n\n\n<p>Jacek Kubiak: <em>M\u00f3wi\u0105c o Memoriale Arkadiusza Go\u0142asia trzeba przede wszystkim wspomnie\u0107 o Pani Ani Sumelce. Osobie, kt\u00f3ra latami budowa\u0142a ten projekt i dzi\u0119ki kt\u00f3rej impreza ta rozros\u0142a si\u0119 do tak niesamowitych rozmiar\u00f3w. Mia\u0142em to szcz\u0119\u015bcie, \u017ce w 2017 nasze drogi si\u0119 przeci\u0119\u0142y. Konferansjerem Memoria\u0142u by\u0142 wtedy Hubert Malinowski. Pani Ania szuka\u0142a zast\u0119pstwa za niego na sobot\u0119, bo dosta\u0142 dy\u017cur w TVP Bydgoszcz. Piotrek Duszy\u0144ski, kt\u00f3ry od lat jest Memoria\u0142owym DJem poleci\u0142 mnie. Stawia\u0142em wtedy pierwsze kroki w konferansjerce i by\u0142o to olbrzymie wyzwanie. W trakcie pierwszego naszego spotkania z Pani\u0105 Ani\u0105 d\u0142ugo rozmawiali\u015bmy o Jej wizji tego wydarzenia. Powiedzia\u0142em wtedy, \u017ce pracuje na co dzie\u0144 przy organizacji event\u00f3w. Kilka miesi\u0119cy p\u00f3\u017aniej odebra\u0142em telefon od Pani Ani z propozycj\u0105 wsp\u00f3\u0142pracy &#8211; ju\u017c przy organizacji kolejnej edycji. I tak &#8211; od 2018 roku &#8211; jestem cz\u0119\u015bci\u0105 Memoria\u0142owej ekipy, obecnie pe\u0142ni\u0119 funkcj\u0119 prezesa Fundacji Memoria\u0142u Arkadiusza Go\u0142asia. Jestem niezmiernie wdzi\u0119czny Pani Ani za wszystko czego mnie nauczy\u0142a przy tym projekcie. Ze wszystkich imprez, przy kt\u00f3rych pracuje &#8211; ta &#8211; jest dla mnie szczeg\u00f3lna.&nbsp;<\/em><\/p>\n\n\n\n<p><em>W tym roku organizujemy XX Agrobex Memoria\u0142 Arkadiusza Go\u0142asia. Impreza odb\u0119dzie si\u0119 w dniach 17-19 pa\u017adziernika w Zalasewie pod Swarz\u0119dzem. Zagraj\u0105 w nim Aluron CMC Warta Zawiercie, ZAKSA K\u0119dzierzyn-Ko\u017ale, PGE GiEK Skra Be\u0142chat\u00f3w i Berlin Recycling Volleys. Bilety na to wydarzenie wyprzeda\u0142y si\u0119 w b\u0142yskawicznym tempie. Chcia\u0142em serdecznie podzi\u0119kowa\u0107 wszystkim kibicom, kt\u00f3rzy wraz z nami upami\u0119tniaj\u0105 Arka Go\u0142asia ka\u017cdego roku. Wierzy\u0107 si\u0119 nie chce, \u017ce to ju\u017c 20 lat&#8230;<\/em><\/p>\n\n\n\n<p><strong>Jeste\u015b bardzo aktywny przy siatk\u00f3wce pla\u017cowej w Poznaniu. Opowiedz prosz\u0119 o tym?<\/strong><\/p>\n\n\n\n<p>Jacek Kubiak: <em>Siatk\u00f3wka pla\u017cowa to moja pasja od lat. Pami\u0119tam czasy gdy co tydzie\u0144 wyszukiwali\u015bmy turniej\u00f3w, na kt\u00f3re mo\u017cna pojecha\u0107. Moim najwi\u0119kszym pla\u017cowym osi\u0105gni\u0119ciem jako zawodnika by\u0142o 5 miejsce na Rutnicki Cup w 2015 roku. To pi\u0105te miejsce by\u0142o dla nas jak z\u0142oto &#8211; przed nami uplasowali si\u0119 sami zawodowcy &#8211; Sebastian Sobczak i Dominik Witczak, bracia Wierzbiccy, Piotr Janiak i Adrian Sdebel oraz Micha\u0142 Matyja i Marcin Brzezi\u0144ski. \u0106wier\u0107fina\u0142 z Wierzbickim przegrali\u015bmy 1:2 na \u017cyletki, w drugim &#8211; z Sobczakiem i Witczakiem &#8211; mieli\u015bmy pi\u0142k\u0119 setow\u0105 w g\u00f3rze, pami\u0119tam jakby to by\u0142o wczoraj \ud83d\ude09 Pozdrawiam mojego partnera z tamtych lat &#8211; Jakuba Stachowiaka.<\/em><\/p>\n\n\n\n<p><em>Z czasem jednak przesta\u0142em gra\u0107 w turniejach, a zacz\u0105\u0142em przy nich pracowa\u0107. Du\u017ca w tym rola Jakuba Matyki, kt\u00f3ry zaprosi\u0142 mnie do organizacji Beach Volley Festivalu nad Jeziorem Rusa\u0142ka w 2016 roku. Mo\u017cna powiedzie\u0107, \u017ce to przez niego zacz\u0105\u0142em pla\u017c\u00f3wk\u0119 spikerowa\u0107 i organizowa\u0107 turnieje. Od 10 lat organizuj\u0119 Chwia\u0142k\u0119 Volley, poprowadzi\u0142em te\u017c wiele imprez &#8211; mi\u0119dzy innymi: Orlen Fina\u0142 Mistrzostw Polski, kilka edycji Orlen Fina\u0142u Mistrzostw Polski Masters, Orlen Beach Volley Tour \u0141eba, Pla\u017c\u0119 Wrze, a nawet Mistrzostwa Europy do lat 20 w siatk\u00f3wce na \u015bniegu. Troch\u0119 tego by\u0142o \ud83d\ude09 Przy projekcie Pla\u017cy Wolno\u015bci pe\u0142ni\u0119 tak\u017ce funkcj\u0119 rzecznika prasowego &#8211; tworz\u0119 tre\u015bci na stron\u0119 internetow\u0105, media spo\u0142eczno\u015bciowe i w kilka innych miejsc. Uwielbiam siatk\u00f3wk\u0119 pla\u017cow\u0105 w ka\u017cdej postaci &#8211; jako zawodnik, kibic, konferansjer, sprawozdawca, organizator &#8211; a tak\u017ce w ka\u017cdej innej roli<\/em>.&nbsp;<\/p>\n\n\n\n<p><strong>Jak oceniasz poziom siatk\u00f3wki w Poznaniu?<\/strong><\/p>\n\n\n\n<p>Jacek Kubiak: <em>To zale\u017cy od perspektywy. Z jednej strony uwa\u017cam, \u017ce w Poznaniu mamy fantastyczny poziom siatk\u00f3wki pla\u017cowej, kt\u00f3ry ci\u0105gle ro\u015bnie. Pary mieszkaj\u0105ce w stolicy Wielkopolski nie tylko zakwalifikowa\u0142y si\u0119 do Orlen Fina\u0142u Mistrzostw Polski, ale tak\u017ce ca\u0142kiem daleko w nim zasz\u0142y. Nieco gorzej jest z siatk\u00f3wk\u0105 halow\u0105. Uwa\u017cam, \u017ce w naszym mie\u015bcie \u015bwietnie sprawdzi\u0142aby si\u0119 dru\u017cyna graj\u0105ca w PlusLidze czy w Tauron Lidze. Niestety nie mamy do tego odpowiedniej hali, ani dru\u017cyny kt\u00f3ra mog\u0142aby szybko awansowa\u0107 na najwy\u017cszy szczebel rozgrywkowy. W tej chwili w regionie mamy dru\u017cyny na poziomie 2 i 3 ligi &#8211; m\u00f3wi\u0119 nie tylko o Poznaniu, ale o Wielkopolsce. Uwa\u017cam, \u017ce sta\u0107 nas na wi\u0119cej. Z drugiej strony mo\u017cemy by\u0107 dumni z takich projekt\u00f3w jak Lubo\u0144ska Amatorska Liga Siatk\u00f3wki &#8211; jedna z najwi\u0119kszych (je\u015bli nie najwi\u0119ksza) amatorska liga w kraju z 3 ligami m\u0119skimi, 2 \u017ce\u0144skimi, a nawet mikstami. Natomiast zapotrzebowanie na siatk\u00f3wk\u0119 na najwy\u017cszym poziomie \u015bwietnie pokazuje Memoria\u0142 Arkadiusza Go\u0142asia. Zainteresowanie t\u0105 imprez\u0105 jest ogromne.&nbsp;<\/em><\/p>\n\n\n\n<p><strong>Co lubisz robi\u0107 w czasie wolnym?<\/strong><\/p>\n\n\n\n<p>Jacek Kubiak: <em>W sezonie s\u0142owa czas wolny to dla mnie oksymoron \ud83d\ude09 Obecnie z przyjemno\u015bci\u0105 pojecha\u0142bym do Bezzasi\u0119gowia Dolnego i przez kilka dni udawa\u0142, \u017ce nie istnieje \ud83d\ude09 Ale to dopiero po XX Agrobex Memoriale Arkadiusza Go\u0142asia. A tak powa\u017cniej &#8211; w wolnych chwilach sp\u0119dzam czas z moj\u0105 rodzin\u0105, mam tr\u00f3jk\u0119 dzieci i wspania\u0142\u0105 \u017con\u0119. Lubi\u0119 tak\u017ce spotka\u0107 si\u0119 z kumplami z liceum, pos\u0142ucha\u0107 starej dobrej muzyki, a&nbsp; tak\u017ce&#8230; pogra\u0107 lub poogl\u0105da\u0107 siatk\u00f3wk\u0119.<\/em><\/p>\n\n\n\n<p><strong>Jakie masz sportowe marzenia?&nbsp;<\/strong><\/p>\n\n\n\n<p>Jacek Kubiak: <em>\u015amiej\u0119 si\u0119, \u017ce mam kilka marze\u0144 sportowo-organizacyjnych, kt\u00f3re sukcesywnie odhaczam na li\u015bcie zrealizowanych. S\u0105 na niej cho\u0107by:<\/em><\/p>\n\n\n\n<ul>\n<li><em>praca przy Memoriale Arkadiusza Go\u0142asia<\/em><\/li>\n\n\n\n<li><em>przyjazd Sir Safety Perugii na t\u0119 imprez\u0119<\/em><\/li>\n\n\n\n<li><em>udzia\u0142 mistrzy\u0144 i mistrz\u00f3w Polski w Chwia\u0142ce Volley<\/em><\/li>\n\n\n\n<li><em>przyjazd Rumcajsss Teamu na Chwia\u0142k\u0119 Volley&nbsp;<\/em><\/li>\n\n\n\n<li><em>poprowadzenie fina\u0142\u00f3w mistrzostw Polski w siatk\u00f3wce pla\u017cowej<\/em><\/li>\n\n\n\n<li><em>poprowadzenie imprezy mi\u0119dzynarodowej &#8211; ME U20 Karpacz 2025 &#8211; Micha\u0142 Matyja pozdrawiam serdecznie!<\/em><\/li>\n<\/ul>\n\n\n\n<p><em>Je\u015bli chodzi o te marzenia na przysz\u0142o\u015b\u0107, to:<\/em><\/p>\n\n\n\n<ul>\n<li><em>jest jeszcze kilka klub\u00f3w na li\u015bcie, kt\u00f3re wraz z Pani\u0105 Ani\u0105 ch\u0119tnie ugo\u015bcimy na Memoriale<\/em><\/li>\n\n\n\n<li><em>\u017ceby w Poznaniu powsta\u0142a hala z piaskiem i \u017ceby by\u0142 to obiekt klasy \u015bwiatowej<\/em><\/li>\n\n\n\n<li><em>\u017ceby reprezentacja Polski siatkarzy przywioz\u0142a na XX Agrobex Memoria\u0142 Arkadiusza Go\u0142asia z\u0142oto z mistrzostw \u015bwiata<\/em><\/li>\n\n\n\n<li><em>poprowadzenie King of the Court &#8211; najch\u0119tniej w duecie z Wojtkiem Dr\u00f3\u017cd\u017cem<\/em><\/li>\n<\/ul>\n\n\n\n<figure class=\"wp-block-image size-large\"><img decoding=\"async\" loading=\"lazy\" width=\"1024\" height=\"683\" src=\"http:\/\/skfks.pl\/wp-content\/uploads\/2025\/08\/b72581f8-44d0-4bb3-aa20-925375370601-1024x683.jpg\" alt=\"\" class=\"wp-image-67654\" srcset=\"https:\/\/skfks.pl\/wp-content\/uploads\/2025\/08\/b72581f8-44d0-4bb3-aa20-925375370601-1024x683.jpg 1024w, https:\/\/skfks.pl\/wp-content\/uploads\/2025\/08\/b72581f8-44d0-4bb3-aa20-925375370601-300x200.jpg 300w, https:\/\/skfks.pl\/wp-content\/uploads\/2025\/08\/b72581f8-44d0-4bb3-aa20-925375370601-768x512.jpg 768w, https:\/\/skfks.pl\/wp-content\/uploads\/2025\/08\/b72581f8-44d0-4bb3-aa20-925375370601-1536x1025.jpg 1536w, https:\/\/skfks.pl\/wp-content\/uploads\/2025\/08\/b72581f8-44d0-4bb3-aa20-925375370601.jpg 2048w\" sizes=\"(max-width: 1024px) 100vw, 1024px\" \/><\/figure>\n","protected":false},"excerpt":{"rendered":"<p>Witam jak zacz\u0119\u0142a si\u0119 Pana przygoda z siatk\u00f3wk\u0105 i czym Ona jest dla Pana? Jacek Kubiak; Moi rodzice byli zawodowymi sportowcami, wi\u0119c mia\u0142em fantastyczne wzorce, kt\u00f3re od dziecka na\u015bladowa\u0142em. Zanim zacz\u0105\u0142em gra\u0107 w siatk\u00f3wk\u0119 trenowa\u0142em pi\u0142k\u0119 no\u017cn\u0105 i tenisa sto\u0142owego. Tu ciekawostka &#8211; moj\u0105 trenerk\u0105 by\u0142a wtedy Dagmara Ciarka, obecnie trenerka siatk\u00f3wki. Cz\u0119sto na rozgrzewk\u0119 [&hellip;]<\/p>\n","protected":false},"author":6,"featured_media":67654,"comment_status":"closed","ping_status":"closed","sticky":false,"template":"","format":"standard","meta":{"ngg_post_thumbnail":0},"categories":[3],"tags":[],"_links":{"self":[{"href":"https:\/\/skfks.pl\/index.php?rest_route=\/wp\/v2\/posts\/67652"}],"collection":[{"href":"https:\/\/skfks.pl\/index.php?rest_route=\/wp\/v2\/posts"}],"about":[{"href":"https:\/\/skfks.pl\/index.php?rest_route=\/wp\/v2\/types\/post"}],"author":[{"embeddable":true,"href":"https:\/\/skfks.pl\/index.php?rest_route=\/wp\/v2\/users\/6"}],"replies":[{"embeddable":true,"href":"https:\/\/skfks.pl\/index.php?rest_route=%2Fwp%2Fv2%2Fcomments&post=67652"}],"version-history":[{"count":3,"href":"https:\/\/skfks.pl\/index.php?rest_route=\/wp\/v2\/posts\/67652\/revisions"}],"predecessor-version":[{"id":67660,"href":"https:\/\/skfks.pl\/index.php?rest_route=\/wp\/v2\/posts\/67652\/revisions\/67660"}],"wp:featuredmedia":[{"embeddable":true,"href":"https:\/\/skfks.pl\/index.php?rest_route=\/wp\/v2\/media\/67654"}],"wp:attachment":[{"href":"https:\/\/skfks.pl\/index.php?rest_route=%2Fwp%2Fv2%2Fmedia&parent=67652"}],"wp:term":[{"taxonomy":"category","embeddable":true,"href":"https:\/\/skfks.pl\/index.php?rest_route=%2Fwp%2Fv2%2Fcategories&post=67652"},{"taxonomy":"post_tag","embeddable":true,"href":"https:\/\/skfks.pl\/index.php?rest_route=%2Fwp%2Fv2%2Ftags&post=67652"}],"curies":[{"name":"wp","href":"https:\/\/api.w.org\/{rel}","templated":true}]}}