{"id":67646,"date":"2025-08-28T16:07:52","date_gmt":"2025-08-28T16:07:52","guid":{"rendered":"http:\/\/skfks.pl\/?p=67646"},"modified":"2025-08-28T16:10:32","modified_gmt":"2025-08-28T16:10:32","slug":"67646","status":"publish","type":"post","link":"https:\/\/skfks.pl\/?p=67646","title":{"rendered":"Kuba Liebelt: &#8222;Nie boj\u0119 si\u0119 \u017cadnych wyzwa\u0144&#8221; &#8211; rozmowa z dzia\u0142aczem"},"content":{"rendered":"\n<p><strong>Witam serdecznie. Czym jest dla Pana siatk\u00f3wka?<\/strong><\/p>\n\n\n\n<p>Kuba Liebelt: <em>Witam serdecznie wszystkich czytaj\u0105cych :). Siatk\u00f3wka to wa\u017cna cz\u0119\u015b\u0107 mojego \u017cycia.&nbsp;<\/em><\/p>\n\n\n\n<p><em>Zacz\u0119\u0142o si\u0119 w 2005 roku od stworzenia amatorskiej dru\u017cyny siatkarskiej, kt\u00f3ra zosta\u0142a potem przekszta\u0142cona w 3 ligowy, m\u0119ski zesp\u00f3\u0142 siatkarski &#8211; LZS Orze\u0142 Osiecza.<\/em><\/p>\n\n\n\n<p><em>Ju\u017c w pierwszym sezonie rozgrywek zdobyli\u015bmy Mistrzostwo Wielkopolski i w kolejnym roku powt\u00f3rzyli\u015bmy ten sukces.&nbsp; 4 ostatnie lata by\u0142em tak\u017ce cz\u0142onkiem zarz\u0105du klubu LUKS Wilki Wilczyn, kt\u00f3ry jest licz\u0105cym si\u0119 zespo\u0142em w II lidze m\u0119\u017cczyzn.<\/em><\/p>\n\n\n\n<p><em>Lubi\u0119 rywalizacj\u0119 sportow\u0105, daje ona odpoczynek od \u017cycia codziennego.<\/em><\/p>\n\n\n\n<p><strong>Prosz\u0119 opowiedzie\u0107 o projekcie supergadzet.com<\/strong><\/p>\n\n\n\n<p>Kuba Liebelt: <em>Firma supergadzet.com powsta\u0142a w 2020r. By\u0142 to \u015brodek pandemii, bardzo trudny czas dla wielu firm i instytucji.&nbsp;<\/em><\/p>\n\n\n\n<p><em>Podj\u0105\u0142em t\u0105 trudn\u0105 decyzj\u0119 z nadziej\u0105, \u017ce stan pandemii nie b\u0119dzie przecie\u017c trwa\u0142 wiecznie. I by\u0142 to strza\u0142 w 10.&nbsp;<\/em><\/p>\n\n\n\n<p><em>Obecnie firma jest bardzo pr\u0119\u017cnie rozwijaj\u0105c\u0105 si\u0119 agencj\u0105 reklamow\u0105, kt\u00f3ra dostarcza materia\u0142y promocyjne do wielu firm w Polsce (r\u00f3wnie\u017c bardzo du\u017cych korporacji) jak i za granic\u0119.<\/em><\/p>\n\n\n\n<p><em>Wsp\u00f3\u0142pracujemy z firmami z Polski, Niemiec, S\u0142owacji, Litwy, Hiszpanii, Holandii, Szwecji, Finlandii, Islandii a nawet Kanady.<\/em><\/p>\n\n\n\n<p><em>Wysy\u0142amy gad\u017cety reklamowe do oddzia\u0142\u00f3w firm naszych klient\u00f3w, kt\u00f3re s\u0105 zlokalizowane w Kazachstanie, Kirgistanie, Uzbekistanie, Ukrainie, Gruzji, Serbii, Turcji, Rumunii, Bu\u0142garii, Czarnog\u00f3rze, Chorwacji, Francji, Belgii, Wielkiej Brytanii, Portugalii, \u0141otwie i na W\u0119grzech.<\/em><\/p>\n\n\n\n<p><em>Cieszymy si\u0119, \u017ce mamy zaufanie klient\u00f3w, kt\u00f3rzy cz\u0119sto, kiedy zrealizuj\u0105 pierwsze zam\u00f3wienie, to zostaj\u0105 ju\u017c sta\u0142ymi klientami.<\/em><\/p>\n\n\n\n<p><em>Nasza agencja reklamowa wsp\u00f3\u0142pracuje wy\u0142\u0105cznie z innymi firmami jak i instytucjami. Nie zajmujemy si\u0119 sprzeda\u017c\u0105 detaliczn\u0105.<\/em><\/p>\n\n\n\n<p><em>Warto zaznaczy\u0107, \u017ce wspieramy kluby siatkarskie a tak\u017ce pojedyncze turnieje.<\/em><\/p>\n\n\n\n<p><strong>Jest Pan siatkarskim dzia\u0142aczem. Czym zajmuje si\u0119 Pan na co dzie\u0144?<\/strong><\/p>\n\n\n\n<p>Kuba Liebelt: <em>Praca dzia\u0142acza nie jest taka prosta jak mog\u0142oby si\u0119 wydawa\u0107. Pracuj\u0105c w klubach z aspiracjami, kt\u00f3re zawsze walcz\u0105 o najwy\u017csze cele pojawia si\u0119 wiele problem\u00f3w, zwi\u0105zanych z aspektami sportowymi ale te\u017c poza sportowymi. Do moich obowi\u0105zk\u00f3w nale\u017cy kontakt z Polskim Zwi\u0105zkiem Pi\u0142ki Siatkowej, z Wielkopolskim Zwi\u0105zkiem Pi\u0142ki Siatkowej, informowanie s\u0119dzi\u00f3w o miejscu i godzinie mecz\u00f3w, przeprowadzanie transfer\u00f3w oraz wypo\u017cycze\u0144, kontakt z zawodnikami, trenerami i wiele wiele innych.<\/em><\/p>\n\n\n\n<p><strong>Jak ocenia Pan poziom siatk\u00f3wki w Wielkopolsce?<\/strong><\/p>\n\n\n\n<p>Kuba Liebelt: <em>To jest tak naprawd\u0119 temat rzeka. Od pocz\u0105tku swojej dzia\u0142alno\u015bci skupia\u0142em si\u0119 wy\u0142\u0105cznie na pracy z seniorami, nigdy nie pracowa\u0142em z m\u0142odzie\u017c\u0105 ani dzie\u0107mi, dlatego najwi\u0119cej mog\u0119 powiedzie\u0107 na temat siatk\u00f3wki halowej seniorskiej. O ile siatk\u00f3wka m\u0142odzie\u017cowa dostarcza Wielkopolsce wiele sukces\u00f3w o tyle z siatk\u00f3wk\u0105 seniorsk\u0105 nie jest tak kolorowo.<\/em><\/p>\n\n\n\n<p><em>Bardzo ubolewam nad tym, \u017ce utalentowany siatkarz, kt\u00f3ry gra w fina\u0142ach mistrzostw Polski junior\u00f3w chc\u0105c kontynuowa\u0107 karier\u0119 na wy\u017cszym szczeblu rozgrywkowym ni\u017c II liga jest zmuszony wyjecha\u0107 poza wojew\u00f3dztwo.<\/em><\/p>\n\n\n\n<p><em>Brakuje klub\u00f3w graj\u0105cych w PLS 1. Lidze, nie wspominaj\u0105c o Plus Lidze.<\/em><\/p>\n\n\n\n<p><em>Dlaczego tak jest? Trudno jednoznacznie odpowiedzie\u0107 na to pytanie. Jak wiadomo, aby stworzy\u0107 klub graj\u0105cy na tych poziomach rozgrywkowych potrzeba du\u017co \u015brodk\u00f3w finansowych, zaplecze organizacyjne, hal\u0119, kt\u00f3ra spe\u0142ni wymagania.&nbsp;<\/em><\/p>\n\n\n\n<p><strong>Co lubi Pan robi\u0107 w czasie wolnym?<\/strong><\/p>\n\n\n\n<p>Kuba Liebelt: <em>Ze wzgl\u0119du na prowadzon\u0105 firm\u0119 oraz dzia\u0142alno\u015b\u0107 w klubie sportowym tego czasu wolnego nie ma zbyt wiele.<\/em><\/p>\n\n\n\n<p><em>Ale jak ju\u017c si\u0119 znajdzie to staram si\u0119 po\u015bwi\u0119ca\u0107 go rodzinie, kt\u00f3ra dzielnie znosi moj\u0105 nieobecno\u015b\u0107 i wspiera na ka\u017cdym kroku.<\/em><\/p>\n\n\n\n<p><strong>Jakie ma Pan sportowe marzenia?<\/strong><\/p>\n\n\n\n<p>Kuba Liebelt: <em>Tak jak wspomina\u0142em wcze\u015bniej, nie mam niestety ju\u017c tyle czasu co kiedy\u015b. Jednak ch\u0119\u0107  rywalizacji nie daje za wygran\u0105 :).<\/em><\/p>\n\n\n\n<p><em>B\u0119d\u0105c realist\u0105 my\u015bl\u0119, \u017ce moja dzia\u0142alno\u015b\u0107 na klubie II ligi si\u0119 zako\u0144czy, jednak\u017ce gdybym mia\u0142 mo\u017cliwo\u015b\u0107 kiedy\u015b spr\u00f3bowania swoich si\u0142 w PLS 1.Lidze lub Plus Lidze to bardzo powa\u017cnie rozwa\u017cy\u0142bym tak\u0105 propozycj\u0119.<\/em><\/p>\n\n\n\n<p><em>Nie boj\u0119 si\u0119 \u017cadnych wyzwa\u0144, prowadz\u0105c firm\u0119 od 5 lat codziennie zarz\u0105dzam projektami, pracownikami, cz\u0119sto pracuj\u0105c pod presj\u0105 czasu i w stresie. Praca w klubie sportowym pod tym wzgl\u0119dem nie r\u00f3\u017cni si\u0119 zbyt wiele od prowadzenia firmy.<\/em><\/p>\n\n\n\n<p><em>Dzi\u0119kuj\u0119 za po\u015bwi\u0119cony czas i do zobaczenia na siatkarskim szlaku!<\/em><\/p>\n\n\n\n<figure class=\"wp-block-image size-large\"><img decoding=\"async\" loading=\"lazy\" width=\"768\" height=\"1024\" src=\"http:\/\/skfks.pl\/wp-content\/uploads\/2025\/08\/IMG_20250824_125317-768x1024.jpg\" alt=\"\" class=\"wp-image-67648\" srcset=\"https:\/\/skfks.pl\/wp-content\/uploads\/2025\/08\/IMG_20250824_125317-768x1024.jpg 768w, https:\/\/skfks.pl\/wp-content\/uploads\/2025\/08\/IMG_20250824_125317-225x300.jpg 225w, https:\/\/skfks.pl\/wp-content\/uploads\/2025\/08\/IMG_20250824_125317-1152x1536.jpg 1152w, https:\/\/skfks.pl\/wp-content\/uploads\/2025\/08\/IMG_20250824_125317-1536x2048.jpg 1536w, https:\/\/skfks.pl\/wp-content\/uploads\/2025\/08\/IMG_20250824_125317-scaled.jpg 1920w\" sizes=\"(max-width: 768px) 100vw, 768px\" \/><\/figure>\n","protected":false},"excerpt":{"rendered":"<p>Witam serdecznie. Czym jest dla Pana siatk\u00f3wka? Kuba Liebelt: Witam serdecznie wszystkich czytaj\u0105cych :). Siatk\u00f3wka to wa\u017cna cz\u0119\u015b\u0107 mojego \u017cycia.&nbsp; Zacz\u0119\u0142o si\u0119 w 2005 roku od stworzenia amatorskiej dru\u017cyny siatkarskiej, kt\u00f3ra zosta\u0142a potem przekszta\u0142cona w 3 ligowy, m\u0119ski zesp\u00f3\u0142 siatkarski &#8211; LZS Orze\u0142 Osiecza. Ju\u017c w pierwszym sezonie rozgrywek zdobyli\u015bmy Mistrzostwo Wielkopolski i w kolejnym [&hellip;]<\/p>\n","protected":false},"author":6,"featured_media":67648,"comment_status":"closed","ping_status":"closed","sticky":false,"template":"","format":"standard","meta":{"ngg_post_thumbnail":0},"categories":[3],"tags":[],"_links":{"self":[{"href":"https:\/\/skfks.pl\/index.php?rest_route=\/wp\/v2\/posts\/67646"}],"collection":[{"href":"https:\/\/skfks.pl\/index.php?rest_route=\/wp\/v2\/posts"}],"about":[{"href":"https:\/\/skfks.pl\/index.php?rest_route=\/wp\/v2\/types\/post"}],"author":[{"embeddable":true,"href":"https:\/\/skfks.pl\/index.php?rest_route=\/wp\/v2\/users\/6"}],"replies":[{"embeddable":true,"href":"https:\/\/skfks.pl\/index.php?rest_route=%2Fwp%2Fv2%2Fcomments&post=67646"}],"version-history":[{"count":2,"href":"https:\/\/skfks.pl\/index.php?rest_route=\/wp\/v2\/posts\/67646\/revisions"}],"predecessor-version":[{"id":67651,"href":"https:\/\/skfks.pl\/index.php?rest_route=\/wp\/v2\/posts\/67646\/revisions\/67651"}],"wp:featuredmedia":[{"embeddable":true,"href":"https:\/\/skfks.pl\/index.php?rest_route=\/wp\/v2\/media\/67648"}],"wp:attachment":[{"href":"https:\/\/skfks.pl\/index.php?rest_route=%2Fwp%2Fv2%2Fmedia&parent=67646"}],"wp:term":[{"taxonomy":"category","embeddable":true,"href":"https:\/\/skfks.pl\/index.php?rest_route=%2Fwp%2Fv2%2Fcategories&post=67646"},{"taxonomy":"post_tag","embeddable":true,"href":"https:\/\/skfks.pl\/index.php?rest_route=%2Fwp%2Fv2%2Ftags&post=67646"}],"curies":[{"name":"wp","href":"https:\/\/api.w.org\/{rel}","templated":true}]}}