{"id":67597,"date":"2025-08-22T04:47:15","date_gmt":"2025-08-22T04:47:15","guid":{"rendered":"http:\/\/skfks.pl\/?p=67597"},"modified":"2025-08-22T04:48:10","modified_gmt":"2025-08-22T04:48:10","slug":"galeria-zdjec-ze-zgrupowania-w-szczecinku-dzien-ii","status":"publish","type":"post","link":"https:\/\/skfks.pl\/?p=67597","title":{"rendered":"Galeria zdj\u0119\u0107 ze zgrupowania w Szczecinku &#8211; dzie\u0144 II"},"content":{"rendered":"\n<p><a href=\"https:\/\/www.facebook.com\/photo\/?fbid=1169966888498532&amp;set=pcb.1169966941831860\">W Szczecinku rozpocz\u0119\u0142o si\u0119 letnie zgrupowanie SKF KS Pozna\u0144. Galeria zdj\u0119\u0107 z drugiego  dnia obozu dost\u0119pna jest tutaj<\/a><\/p>\n\n\n\n<figure class=\"wp-block-image size-large\"><img decoding=\"async\" loading=\"lazy\" width=\"1024\" height=\"1024\" src=\"http:\/\/skfks.pl\/wp-content\/uploads\/2025\/08\/537704571_17939112951054026_8568642861147756251_n-1024x1024.jpg\" alt=\"\" class=\"wp-image-67599\" srcset=\"https:\/\/skfks.pl\/wp-content\/uploads\/2025\/08\/537704571_17939112951054026_8568642861147756251_n-1024x1024.jpg 1024w, https:\/\/skfks.pl\/wp-content\/uploads\/2025\/08\/537704571_17939112951054026_8568642861147756251_n-300x300.jpg 300w, https:\/\/skfks.pl\/wp-content\/uploads\/2025\/08\/537704571_17939112951054026_8568642861147756251_n-150x150.jpg 150w, https:\/\/skfks.pl\/wp-content\/uploads\/2025\/08\/537704571_17939112951054026_8568642861147756251_n-768x768.jpg 768w, https:\/\/skfks.pl\/wp-content\/uploads\/2025\/08\/537704571_17939112951054026_8568642861147756251_n.jpg 1440w\" sizes=\"(max-width: 1024px) 100vw, 1024px\" \/><\/figure>\n","protected":false},"excerpt":{"rendered":"<p>W Szczecinku rozpocz\u0119\u0142o si\u0119 letnie zgrupowanie SKF KS Pozna\u0144. Galeria zdj\u0119\u0107 z drugiego dnia obozu dost\u0119pna jest tutaj<\/p>\n","protected":false},"author":6,"featured_media":67601,"comment_status":"closed","ping_status":"closed","sticky":false,"template":"","format":"standard","meta":{"ngg_post_thumbnail":0},"categories":[3],"tags":[],"_links":{"self":[{"href":"https:\/\/skfks.pl\/index.php?rest_route=\/wp\/v2\/posts\/67597"}],"collection":[{"href":"https:\/\/skfks.pl\/index.php?rest_route=\/wp\/v2\/posts"}],"about":[{"href":"https:\/\/skfks.pl\/index.php?rest_route=\/wp\/v2\/types\/post"}],"author":[{"embeddable":true,"href":"https:\/\/skfks.pl\/index.php?rest_route=\/wp\/v2\/users\/6"}],"replies":[{"embeddable":true,"href":"https:\/\/skfks.pl\/index.php?rest_route=%2Fwp%2Fv2%2Fcomments&post=67597"}],"version-history":[{"count":1,"href":"https:\/\/skfks.pl\/index.php?rest_route=\/wp\/v2\/posts\/67597\/revisions"}],"predecessor-version":[{"id":67600,"href":"https:\/\/skfks.pl\/index.php?rest_route=\/wp\/v2\/posts\/67597\/revisions\/67600"}],"wp:featuredmedia":[{"embeddable":true,"href":"https:\/\/skfks.pl\/index.php?rest_route=\/wp\/v2\/media\/67601"}],"wp:attachment":[{"href":"https:\/\/skfks.pl\/index.php?rest_route=%2Fwp%2Fv2%2Fmedia&parent=67597"}],"wp:term":[{"taxonomy":"category","embeddable":true,"href":"https:\/\/skfks.pl\/index.php?rest_route=%2Fwp%2Fv2%2Fcategories&post=67597"},{"taxonomy":"post_tag","embeddable":true,"href":"https:\/\/skfks.pl\/index.php?rest_route=%2Fwp%2Fv2%2Ftags&post=67597"}],"curies":[{"name":"wp","href":"https:\/\/api.w.org\/{rel}","templated":true}]}}