{"id":67454,"date":"2025-07-20T02:17:00","date_gmt":"2025-07-20T02:17:00","guid":{"rendered":"http:\/\/skfks.pl\/?p=67454"},"modified":"2025-07-20T02:17:39","modified_gmt":"2025-07-20T02:17:39","slug":"siatkowka-plazowa-5","status":"publish","type":"post","link":"https:\/\/skfks.pl\/?p=67454","title":{"rendered":"Siatk\u00f3wka pla\u017cowa"},"content":{"rendered":"\n<p>13 lipca zako\u0144czy\u0142y si\u0119 Mistrzostwa Polski w Siatk\u00f3wce Pla\u017cowej U18 w ramach XXXI Og\u00f3lnopolskiej Olimpiady M\u0142odzie\u017cy.&nbsp;Pozna\u0144skie dru\u017cyny zdoby\u0142y podw\u00f3jne wicemistrzostwo kraju \u2013 zar\u00f3wno w kategorii ch\u0142opc\u00f3w, jak i dziewcz\u0105t. Ponadto Wielkopolska jako wojew\u00f3dztwo wygra\u0142a klasyfikacj\u0119 w kategorii ch\u0142opc\u00f3w.<\/p>\n\n\n\n<p>W kategorii ch\u0142opc\u00f3w medal wywalczy\u0142 duet Kamil Wrzeszczy\u0144ski \/ Witold Witkowski, kt\u00f3rzy od trzech lat trenuj\u0105 wsp\u00f3lnie pod okiem trener\u00f3w Bartosza Witkowskiego i Marcina Szczechowicza, wspierani w przygotowaniu motorycznym przez Roberta Pani\u0105czyka. To<br>jedyna para w Polsce, kt\u00f3ra w tym sezonie zagra\u0142a we wszystkich najwa\u017cniejszych fina\u0142ach turniej\u00f3w m\u0142odzie\u017cowych.<\/p>\n\n\n<div class=\"wp-block-image\">\n<figure class=\"aligncenter\"><a href=\"https:\/\/wzps.poznan.pl\/wp-content\/uploads\/2025\/07\/chlopcy2.jpg\"><img decoding=\"async\" src=\"https:\/\/wzps.poznan.pl\/wp-content\/uploads\/2025\/07\/chlopcy2-225x300.jpg\" alt=\"\" class=\"wp-image-7675\"\/><\/a><\/figure><\/div>\n\n\n<p>W kategorii dziewcz\u0105t na drugim stopniu podium stan\u0119\u0142y Emilia Skwierczy\u0144ska i Nadia Paw\u0142owska, regularnie trenuj\u0105ce w Poznaniu pod opiek\u0105 trenerek Weroniki Antczak i Justyny Czupryniak.<\/p>\n\n\n<div class=\"wp-block-image\">\n<figure class=\"aligncenter\"><a href=\"https:\/\/wzps.poznan.pl\/wp-content\/uploads\/2025\/07\/dziewczyny2.jpg\"><img decoding=\"async\" src=\"https:\/\/wzps.poznan.pl\/wp-content\/uploads\/2025\/07\/dziewczyny2-300x200.jpg\" alt=\"\" class=\"wp-image-7674\"\/><\/a><\/figure><\/div>\n\n\n<p>Wszystkim zawodniczkom i zawodnikom serdecznie gratulujemy osi\u0105gni\u0119tych wynik\u00f3w, trenerom dzi\u0119kujemy za ich znakomite przygotowanie i wiar\u0119 w sukces. Wasze wsp\u00f3lne osi\u0105gni\u0119cia to pow\u00f3d do dumy dla ca\u0142ego wojew\u00f3dztwa. \u017byczymy dalszej wytrwa\u0142o\u015bci i si\u0142y w zdobywaniu najcenniejszych medali. Wasza determinacja jest kluczem do sukcesu. Wierzymy w Was!<\/p>\n\n\n\n<p>Szczeg\u00f3lne podzi\u0119kowania kierujemy do Pan\u00f3w Tomasza Szczechowicza i Roberta Wardaka, g\u0142\u00f3wnych organizator\u00f3w turniej\u00f3w fina\u0142owych XXXI OOM 2025 w siatk\u00f3wce pla\u017cowej dziewcz\u0105t i ch\u0142opc\u00f3w w Zb\u0105szyniu i Wrze\u015bni. Dzi\u0119ki ich pracy i ca\u0142ych zespo\u0142\u00f3w zaanga\u017cowanych w organizacj\u0119 turniej\u00f3w, mogli\u015bmy podziwia\u0107 wzorowe przeprowadzenie imprez, wielkie serce, zrozumienie i otwarto\u015b\u0107 wobec wszelkich potrzeb.<\/p>\n\n\n\n<p>Dzi\u0119kujemy tak\u017ce Samorz\u0105dowi Wojew\u00f3dztwa Wielkopolskiego, dzi\u0119ki wsparciu kt\u00f3remu o\u015brodki sportowe w Zb\u0105szyniu i Wrze\u015bni, zosta\u0142y doposa\u017cone w niezb\u0119dny sprz\u0119t sportowy, umo\u017cliwiaj\u0105cy prawid\u0142owe przeprowadzenie zawod\u00f3w i realizacj\u0119 zadania jakim jest XXXI Og\u00f3lnopolska Olimpiada M\u0142odzie\u017cy w Sportach Letnich Dziewcz\u0105t i Ch\u0142opc\u00f3w.<\/p>\n\n\n\n<h4>Wszelkie prawa zastrze\u017cone | \u00a9 Wielkopolski Zwi\u0105zek Pi\u0142ki Siatkowej 2024<\/h4>\n\n\n\n<figure class=\"wp-block-image size-large\"><img decoding=\"async\" loading=\"lazy\" width=\"1024\" height=\"1024\" src=\"http:\/\/skfks.pl\/wp-content\/uploads\/2025\/06\/505735618_1119752193520002_8509423632770958121_n-1024x1024.jpg\" alt=\"\" class=\"wp-image-67332\" srcset=\"https:\/\/skfks.pl\/wp-content\/uploads\/2025\/06\/505735618_1119752193520002_8509423632770958121_n-1024x1024.jpg 1024w, https:\/\/skfks.pl\/wp-content\/uploads\/2025\/06\/505735618_1119752193520002_8509423632770958121_n-300x300.jpg 300w, https:\/\/skfks.pl\/wp-content\/uploads\/2025\/06\/505735618_1119752193520002_8509423632770958121_n-150x150.jpg 150w, https:\/\/skfks.pl\/wp-content\/uploads\/2025\/06\/505735618_1119752193520002_8509423632770958121_n-768x768.jpg 768w, https:\/\/skfks.pl\/wp-content\/uploads\/2025\/06\/505735618_1119752193520002_8509423632770958121_n.jpg 1440w\" sizes=\"(max-width: 1024px) 100vw, 1024px\" \/><\/figure>\n","protected":false},"excerpt":{"rendered":"<p>13 lipca zako\u0144czy\u0142y si\u0119 Mistrzostwa Polski w Siatk\u00f3wce Pla\u017cowej U18 w ramach XXXI Og\u00f3lnopolskiej Olimpiady M\u0142odzie\u017cy.&nbsp;Pozna\u0144skie dru\u017cyny zdoby\u0142y podw\u00f3jne wicemistrzostwo kraju \u2013 zar\u00f3wno w kategorii ch\u0142opc\u00f3w, jak i dziewcz\u0105t. Ponadto Wielkopolska jako wojew\u00f3dztwo wygra\u0142a klasyfikacj\u0119 w kategorii ch\u0142opc\u00f3w. W kategorii ch\u0142opc\u00f3w medal wywalczy\u0142 duet Kamil Wrzeszczy\u0144ski \/ Witold Witkowski, kt\u00f3rzy od trzech lat trenuj\u0105 wsp\u00f3lnie [&hellip;]<\/p>\n","protected":false},"author":6,"featured_media":67217,"comment_status":"closed","ping_status":"closed","sticky":false,"template":"","format":"standard","meta":{"ngg_post_thumbnail":0},"categories":[3],"tags":[],"_links":{"self":[{"href":"https:\/\/skfks.pl\/index.php?rest_route=\/wp\/v2\/posts\/67454"}],"collection":[{"href":"https:\/\/skfks.pl\/index.php?rest_route=\/wp\/v2\/posts"}],"about":[{"href":"https:\/\/skfks.pl\/index.php?rest_route=\/wp\/v2\/types\/post"}],"author":[{"embeddable":true,"href":"https:\/\/skfks.pl\/index.php?rest_route=\/wp\/v2\/users\/6"}],"replies":[{"embeddable":true,"href":"https:\/\/skfks.pl\/index.php?rest_route=%2Fwp%2Fv2%2Fcomments&post=67454"}],"version-history":[{"count":1,"href":"https:\/\/skfks.pl\/index.php?rest_route=\/wp\/v2\/posts\/67454\/revisions"}],"predecessor-version":[{"id":67456,"href":"https:\/\/skfks.pl\/index.php?rest_route=\/wp\/v2\/posts\/67454\/revisions\/67456"}],"wp:featuredmedia":[{"embeddable":true,"href":"https:\/\/skfks.pl\/index.php?rest_route=\/wp\/v2\/media\/67217"}],"wp:attachment":[{"href":"https:\/\/skfks.pl\/index.php?rest_route=%2Fwp%2Fv2%2Fmedia&parent=67454"}],"wp:term":[{"taxonomy":"category","embeddable":true,"href":"https:\/\/skfks.pl\/index.php?rest_route=%2Fwp%2Fv2%2Fcategories&post=67454"},{"taxonomy":"post_tag","embeddable":true,"href":"https:\/\/skfks.pl\/index.php?rest_route=%2Fwp%2Fv2%2Ftags&post=67454"}],"curies":[{"name":"wp","href":"https:\/\/api.w.org\/{rel}","templated":true}]}}