{"id":67178,"date":"2025-05-16T07:02:02","date_gmt":"2025-05-16T07:02:02","guid":{"rendered":"http:\/\/skfks.pl\/?p=67178"},"modified":"2025-05-16T07:02:28","modified_gmt":"2025-05-16T07:02:28","slug":"mini-siatkowka-3","status":"publish","type":"post","link":"https:\/\/skfks.pl\/?p=67178","title":{"rendered":"Mini siatk\u00f3wka"},"content":{"rendered":"\n<p>W za\u0142\u0105czeniu przesy\u0142amy terminarz rozgrywek fina\u0142owych w kategorii \u201etr\u00f3jki\u201d dziewcz\u0105t i ch\u0142opc\u00f3w. Zgodnie z wcze\u015bniejsz\u0105 decyzj\u0105&nbsp;<strong>FINA\u0141Y DZIEWCZ\u0104T i CH\u0141OPC\u00d3W w ka\u017cdej kategorii wiekowej<\/strong>&nbsp;<strong>rozgrywamy wed\u0142ug REGULAMINU&nbsp;MINISIATK\u00d3WKI WZPS POZNA\u0143 na sezon 2024\/2025&nbsp;.<\/strong><\/p>\n\n\n\n<p><a href=\"https:\/\/wzps.poznan.pl\/wp-content\/uploads\/2025\/05\/Komunikat-nr-17-3-DZIEWCZAT-FINAL-KS-Volley-Turek-17.05.2025.pdf\">Komunikat nr 17 3 DZIEWCZ\u0104T FINA\u0141 KS Volley Turek 17.05.2025<\/a><br><a href=\"https:\/\/wzps.poznan.pl\/wp-content\/uploads\/2025\/05\/Komunikat-nr-7-3-CHLOPCOW-FINAL-UKS-Piast-Krotoszyn-18.05.2025.pdf\">Komunikat nr 7 3 CH\u0141OPC\u00d3W FINA\u0141 UKS Piast Krotoszyn 18.05.2025<\/a><\/p>\n\n\n\n<p><strong>PRZYPOMINAMY<\/strong>, \u017ce \u201ePocz\u0105wszy od fina\u0142u wojew\u00f3dzkiego zawodnik\/czka mo\u017ce gra\u0107 tylko w jednej kategorii wiekowej. Przed rozpocz\u0119ciem tego etapu zawodnik\/czka MUSI jednoznacznie zadeklarowa\u0107 kt\u00f3r\u0105 kategori\u0119 wiekow\u0105 wybiera.\u201d Z uwagi na powy\u017csze Wydzia\u0142 Minisiatk\u00f3wki prosi zespo\u0142y, kt\u00f3re awansowa\u0142y do fina\u0142\u00f3w minisiatk\u00f3wki, (a kt\u00f3rych zawodnicy\/czki awansowali\/\u0142y do fina\u0142u np. w dw\u00f3ch kat.) o aktualizacj\u0119 F-02 w systemie og\u00f3lnopolskim.&nbsp; Prosimy o wykre\u015blenie zawodnik\u00f3w\/czek z tych kat., w kt\u00f3rych nie b\u0119d\u0105 brali udzia\u0142u.<\/p>\n\n\n\n<figure class=\"wp-block-image size-large\"><img decoding=\"async\" loading=\"lazy\" width=\"1024\" height=\"768\" src=\"http:\/\/skfks.pl\/wp-content\/uploads\/2025\/04\/491008113_1035139661797733_8322735045075589215_n-1024x768.jpg\" alt=\"\" class=\"wp-image-67065\" srcset=\"https:\/\/skfks.pl\/wp-content\/uploads\/2025\/04\/491008113_1035139661797733_8322735045075589215_n-1024x768.jpg 1024w, https:\/\/skfks.pl\/wp-content\/uploads\/2025\/04\/491008113_1035139661797733_8322735045075589215_n-300x225.jpg 300w, https:\/\/skfks.pl\/wp-content\/uploads\/2025\/04\/491008113_1035139661797733_8322735045075589215_n-768x576.jpg 768w, https:\/\/skfks.pl\/wp-content\/uploads\/2025\/04\/491008113_1035139661797733_8322735045075589215_n-1536x1152.jpg 1536w, https:\/\/skfks.pl\/wp-content\/uploads\/2025\/04\/491008113_1035139661797733_8322735045075589215_n.jpg 2048w\" sizes=\"(max-width: 1024px) 100vw, 1024px\" \/><\/figure>\n","protected":false},"excerpt":{"rendered":"<p>W za\u0142\u0105czeniu przesy\u0142amy terminarz rozgrywek fina\u0142owych w kategorii \u201etr\u00f3jki\u201d dziewcz\u0105t i ch\u0142opc\u00f3w. Zgodnie z wcze\u015bniejsz\u0105 decyzj\u0105&nbsp;FINA\u0141Y DZIEWCZ\u0104T i CH\u0141OPC\u00d3W w ka\u017cdej kategorii wiekowej&nbsp;rozgrywamy wed\u0142ug REGULAMINU&nbsp;MINISIATK\u00d3WKI WZPS POZNA\u0143 na sezon 2024\/2025&nbsp;. Komunikat nr 17 3 DZIEWCZ\u0104T FINA\u0141 KS Volley Turek 17.05.2025Komunikat nr 7 3 CH\u0141OPC\u00d3W FINA\u0141 UKS Piast Krotoszyn 18.05.2025 PRZYPOMINAMY, \u017ce \u201ePocz\u0105wszy od fina\u0142u wojew\u00f3dzkiego [&hellip;]<\/p>\n","protected":false},"author":6,"featured_media":67047,"comment_status":"closed","ping_status":"closed","sticky":false,"template":"","format":"standard","meta":{"ngg_post_thumbnail":0},"categories":[3],"tags":[],"_links":{"self":[{"href":"https:\/\/skfks.pl\/index.php?rest_route=\/wp\/v2\/posts\/67178"}],"collection":[{"href":"https:\/\/skfks.pl\/index.php?rest_route=\/wp\/v2\/posts"}],"about":[{"href":"https:\/\/skfks.pl\/index.php?rest_route=\/wp\/v2\/types\/post"}],"author":[{"embeddable":true,"href":"https:\/\/skfks.pl\/index.php?rest_route=\/wp\/v2\/users\/6"}],"replies":[{"embeddable":true,"href":"https:\/\/skfks.pl\/index.php?rest_route=%2Fwp%2Fv2%2Fcomments&post=67178"}],"version-history":[{"count":1,"href":"https:\/\/skfks.pl\/index.php?rest_route=\/wp\/v2\/posts\/67178\/revisions"}],"predecessor-version":[{"id":67180,"href":"https:\/\/skfks.pl\/index.php?rest_route=\/wp\/v2\/posts\/67178\/revisions\/67180"}],"wp:featuredmedia":[{"embeddable":true,"href":"https:\/\/skfks.pl\/index.php?rest_route=\/wp\/v2\/media\/67047"}],"wp:attachment":[{"href":"https:\/\/skfks.pl\/index.php?rest_route=%2Fwp%2Fv2%2Fmedia&parent=67178"}],"wp:term":[{"taxonomy":"category","embeddable":true,"href":"https:\/\/skfks.pl\/index.php?rest_route=%2Fwp%2Fv2%2Fcategories&post=67178"},{"taxonomy":"post_tag","embeddable":true,"href":"https:\/\/skfks.pl\/index.php?rest_route=%2Fwp%2Fv2%2Ftags&post=67178"}],"curies":[{"name":"wp","href":"https:\/\/api.w.org\/{rel}","templated":true}]}}