{"id":62569,"date":"2021-11-18T11:35:43","date_gmt":"2021-11-18T11:35:43","guid":{"rendered":"http:\/\/skfks.pl\/?p=62569"},"modified":"2021-11-20T11:38:05","modified_gmt":"2021-11-20T11:38:05","slug":"zmiany-w-treningach-5","status":"publish","type":"post","link":"https:\/\/skfks.pl\/?p=62569","title":{"rendered":"Zmiany w treningach"},"content":{"rendered":"\n<p><strong>21 i 28 Grudnia nie b\u0119dzie trening\u00f3w w sali przy ul. M\u0142y\u0144skiej.<\/strong><\/p>\n\n\n\n<p><strong>Przepraszamy.<\/strong><\/p>\n","protected":false},"excerpt":{"rendered":"<p>21 i 28 Grudnia nie b\u0119dzie trening\u00f3w w sali przy ul. M\u0142y\u0144skiej. Przepraszamy.<\/p>\n","protected":false},"author":4,"featured_media":0,"comment_status":"closed","ping_status":"closed","sticky":false,"template":"","format":"standard","meta":{"ngg_post_thumbnail":0},"categories":[3],"tags":[],"_links":{"self":[{"href":"https:\/\/skfks.pl\/index.php?rest_route=\/wp\/v2\/posts\/62569"}],"collection":[{"href":"https:\/\/skfks.pl\/index.php?rest_route=\/wp\/v2\/posts"}],"about":[{"href":"https:\/\/skfks.pl\/index.php?rest_route=\/wp\/v2\/types\/post"}],"author":[{"embeddable":true,"href":"https:\/\/skfks.pl\/index.php?rest_route=\/wp\/v2\/users\/4"}],"replies":[{"embeddable":true,"href":"https:\/\/skfks.pl\/index.php?rest_route=%2Fwp%2Fv2%2Fcomments&post=62569"}],"version-history":[{"count":1,"href":"https:\/\/skfks.pl\/index.php?rest_route=\/wp\/v2\/posts\/62569\/revisions"}],"predecessor-version":[{"id":62571,"href":"https:\/\/skfks.pl\/index.php?rest_route=\/wp\/v2\/posts\/62569\/revisions\/62571"}],"wp:attachment":[{"href":"https:\/\/skfks.pl\/index.php?rest_route=%2Fwp%2Fv2%2Fmedia&parent=62569"}],"wp:term":[{"taxonomy":"category","embeddable":true,"href":"https:\/\/skfks.pl\/index.php?rest_route=%2Fwp%2Fv2%2Fcategories&post=62569"},{"taxonomy":"post_tag","embeddable":true,"href":"https:\/\/skfks.pl\/index.php?rest_route=%2Fwp%2Fv2%2Ftags&post=62569"}],"curies":[{"name":"wp","href":"https:\/\/api.w.org\/{rel}","templated":true}]}}