{"id":60422,"date":"2020-09-15T20:16:52","date_gmt":"2020-09-15T20:16:52","guid":{"rendered":"http:\/\/skfks.pl\/?p=60422"},"modified":"2020-09-15T20:16:53","modified_gmt":"2020-09-15T20:16:53","slug":"krzysztof-wrobel-dolacza-do-dzialu-organizacyjnego-klubu","status":"publish","type":"post","link":"https:\/\/skfks.pl\/?p=60422","title":{"rendered":"Krzysztof Wr\u00f3bel do\u0142\u0105cza do dzia\u0142u organizacyjnego klubu"},"content":{"rendered":"\n<p><strong>Now\u0105 osob\u0105 funkcyjn\u0105 w klubie zosta\u0142 p. Krzysztof Wr\u00f3bel, kt\u00f3ry do\u0142\u0105cza do dzia\u0142u organizacyjnego klubu, gdzie wsp\u00f3\u0142pracowa\u0107 b\u0119dzie z Micha\u0142em Su\u0142kowskim.<\/strong><\/p>\n\n\n\n<p><strong>Witamy na pok\u0142adzie!<\/strong><\/p>\n","protected":false},"excerpt":{"rendered":"<p>Now\u0105 osob\u0105 funkcyjn\u0105 w klubie zosta\u0142 p. Krzysztof Wr\u00f3bel, kt\u00f3ry do\u0142\u0105cza do dzia\u0142u organizacyjnego klubu, gdzie wsp\u00f3\u0142pracowa\u0107 b\u0119dzie z Micha\u0142em Su\u0142kowskim. Witamy na pok\u0142adzie!<\/p>\n","protected":false},"author":4,"featured_media":0,"comment_status":"closed","ping_status":"closed","sticky":false,"template":"","format":"standard","meta":{"ngg_post_thumbnail":0},"categories":[3],"tags":[],"_links":{"self":[{"href":"https:\/\/skfks.pl\/index.php?rest_route=\/wp\/v2\/posts\/60422"}],"collection":[{"href":"https:\/\/skfks.pl\/index.php?rest_route=\/wp\/v2\/posts"}],"about":[{"href":"https:\/\/skfks.pl\/index.php?rest_route=\/wp\/v2\/types\/post"}],"author":[{"embeddable":true,"href":"https:\/\/skfks.pl\/index.php?rest_route=\/wp\/v2\/users\/4"}],"replies":[{"embeddable":true,"href":"https:\/\/skfks.pl\/index.php?rest_route=%2Fwp%2Fv2%2Fcomments&post=60422"}],"version-history":[{"count":1,"href":"https:\/\/skfks.pl\/index.php?rest_route=\/wp\/v2\/posts\/60422\/revisions"}],"predecessor-version":[{"id":60424,"href":"https:\/\/skfks.pl\/index.php?rest_route=\/wp\/v2\/posts\/60422\/revisions\/60424"}],"wp:attachment":[{"href":"https:\/\/skfks.pl\/index.php?rest_route=%2Fwp%2Fv2%2Fmedia&parent=60422"}],"wp:term":[{"taxonomy":"category","embeddable":true,"href":"https:\/\/skfks.pl\/index.php?rest_route=%2Fwp%2Fv2%2Fcategories&post=60422"},{"taxonomy":"post_tag","embeddable":true,"href":"https:\/\/skfks.pl\/index.php?rest_route=%2Fwp%2Fv2%2Ftags&post=60422"}],"curies":[{"name":"wp","href":"https:\/\/api.w.org\/{rel}","templated":true}]}}