{"id":54692,"date":"2018-12-03T00:03:48","date_gmt":"2018-12-03T00:03:48","guid":{"rendered":"http:\/\/skfks.pl\/?p=54692"},"modified":"2018-12-02T22:47:19","modified_gmt":"2018-12-02T22:47:19","slug":"michal-sulkowski-na-spotkaniu-z-prezydium-zarzadu-wzps","status":"publish","type":"post","link":"https:\/\/skfks.pl\/?p=54692","title":{"rendered":"Micha\u0142 Su\u0142kowski na spotkaniu z Prezydium Zarz\u0105du WZPS"},"content":{"rendered":"<p><strong>W czwartek 6 grudnia odb\u0119dzie si\u0119 spotkanie Prezydium Zarz\u0105du Wielkopolskiego Zwi\u0105zku Pi\u0142ki Siatkowej z przedstawicielami wytypowanych klub\u00f3w.<\/strong><\/p>\n<p>Nasz klub na spotkaniu b\u0119dzie reprezentowa\u0142 Micha\u0142 Su\u0142kowski.<\/p>\n","protected":false},"excerpt":{"rendered":"<p>W czwartek 6 grudnia odb\u0119dzie si\u0119 spotkanie Prezydium Zarz\u0105du Wielkopolskiego Zwi\u0105zku Pi\u0142ki Siatkowej z przedstawicielami wytypowanych klub\u00f3w. Nasz klub na spotkaniu b\u0119dzie reprezentowa\u0142 Micha\u0142 Su\u0142kowski.<\/p>\n","protected":false},"author":1,"featured_media":0,"comment_status":"closed","ping_status":"closed","sticky":false,"template":"","format":"standard","meta":{"ngg_post_thumbnail":0},"categories":[3,17],"tags":[],"_links":{"self":[{"href":"https:\/\/skfks.pl\/index.php?rest_route=\/wp\/v2\/posts\/54692"}],"collection":[{"href":"https:\/\/skfks.pl\/index.php?rest_route=\/wp\/v2\/posts"}],"about":[{"href":"https:\/\/skfks.pl\/index.php?rest_route=\/wp\/v2\/types\/post"}],"author":[{"embeddable":true,"href":"https:\/\/skfks.pl\/index.php?rest_route=\/wp\/v2\/users\/1"}],"replies":[{"embeddable":true,"href":"https:\/\/skfks.pl\/index.php?rest_route=%2Fwp%2Fv2%2Fcomments&post=54692"}],"version-history":[{"count":1,"href":"https:\/\/skfks.pl\/index.php?rest_route=\/wp\/v2\/posts\/54692\/revisions"}],"predecessor-version":[{"id":54694,"href":"https:\/\/skfks.pl\/index.php?rest_route=\/wp\/v2\/posts\/54692\/revisions\/54694"}],"wp:attachment":[{"href":"https:\/\/skfks.pl\/index.php?rest_route=%2Fwp%2Fv2%2Fmedia&parent=54692"}],"wp:term":[{"taxonomy":"category","embeddable":true,"href":"https:\/\/skfks.pl\/index.php?rest_route=%2Fwp%2Fv2%2Fcategories&post=54692"},{"taxonomy":"post_tag","embeddable":true,"href":"https:\/\/skfks.pl\/index.php?rest_route=%2Fwp%2Fv2%2Ftags&post=54692"}],"curies":[{"name":"wp","href":"https:\/\/api.w.org\/{rel}","templated":true}]}}