{"id":50923,"date":"2018-02-17T21:34:21","date_gmt":"2018-02-17T21:34:21","guid":{"rendered":"http:\/\/skfks.pl\/?p=50923"},"modified":"2018-02-17T21:34:21","modified_gmt":"2018-02-17T21:34:21","slug":"zmiana-godziny-spotkania-z-czarnymi-slupsk","status":"publish","type":"post","link":"https:\/\/skfks.pl\/?p=50923","title":{"rendered":"Zmiana godziny spotkania z Czarnymi S\u0142upsk"},"content":{"rendered":"<p><strong>Uprzejmie informujemy, \u017ce zmieniona zosta\u0142a godzina spotkania z Czarnymi S\u0142upsk.<\/strong><\/p>\n<p><strong>Mecz odb\u0119dzie si\u0119 24 lutego o godz. 18:30 w hali przy ul. Jana Paw\u0142a II nr 28.<br \/>\n<\/strong><\/p>\n","protected":false},"excerpt":{"rendered":"<p>Uprzejmie informujemy, \u017ce zmieniona zosta\u0142a godzina spotkania z Czarnymi S\u0142upsk. Mecz odb\u0119dzie si\u0119 24 lutego o godz. 18:30 w hali przy ul. Jana Paw\u0142a II nr 28.<\/p>\n","protected":false},"author":4,"featured_media":0,"comment_status":"closed","ping_status":"closed","sticky":false,"template":"","format":"standard","meta":{"ngg_post_thumbnail":0},"categories":[3,17],"tags":[],"_links":{"self":[{"href":"https:\/\/skfks.pl\/index.php?rest_route=\/wp\/v2\/posts\/50923"}],"collection":[{"href":"https:\/\/skfks.pl\/index.php?rest_route=\/wp\/v2\/posts"}],"about":[{"href":"https:\/\/skfks.pl\/index.php?rest_route=\/wp\/v2\/types\/post"}],"author":[{"embeddable":true,"href":"https:\/\/skfks.pl\/index.php?rest_route=\/wp\/v2\/users\/4"}],"replies":[{"embeddable":true,"href":"https:\/\/skfks.pl\/index.php?rest_route=%2Fwp%2Fv2%2Fcomments&post=50923"}],"version-history":[{"count":1,"href":"https:\/\/skfks.pl\/index.php?rest_route=\/wp\/v2\/posts\/50923\/revisions"}],"predecessor-version":[{"id":50924,"href":"https:\/\/skfks.pl\/index.php?rest_route=\/wp\/v2\/posts\/50923\/revisions\/50924"}],"wp:attachment":[{"href":"https:\/\/skfks.pl\/index.php?rest_route=%2Fwp%2Fv2%2Fmedia&parent=50923"}],"wp:term":[{"taxonomy":"category","embeddable":true,"href":"https:\/\/skfks.pl\/index.php?rest_route=%2Fwp%2Fv2%2Fcategories&post=50923"},{"taxonomy":"post_tag","embeddable":true,"href":"https:\/\/skfks.pl\/index.php?rest_route=%2Fwp%2Fv2%2Ftags&post=50923"}],"curies":[{"name":"wp","href":"https:\/\/api.w.org\/{rel}","templated":true}]}}