{"id":47576,"date":"2017-07-11T00:02:02","date_gmt":"2017-07-11T00:02:02","guid":{"rendered":"http:\/\/skfks.pl\/?p=47576"},"modified":"2017-07-08T15:15:16","modified_gmt":"2017-07-08T15:15:16","slug":"minal-sezon-odc-2-granica","status":"publish","type":"post","link":"https:\/\/skfks.pl\/?p=47576","title":{"rendered":"Min\u0105\u0142 Sezon odc. 2 &#8222;Granica&#8221;"},"content":{"rendered":"<p><em>Po stracie szans na awans do drugiej ligi siatk\u00f3wki kobiet w klubie rozpocz\u0105\u0142 si\u0119 etap roztrenowania, a zawodniczki i dzia\u0142acze powoli my\u015bleli o wakacjach i tym co wydarzy si\u0119 od sierpnia.<\/em><\/p>\n<p><em>W trakcie przerwy letniej szybko uda\u0142o si\u0119 ustali\u0107 plan trening\u00f3w oraz kadry m\u0142odzie\u017cowe na sezon 2016\/2017.<\/em><\/p>\n<p><em>Najwi\u0119kszy ruch panowa\u0142 w gronie zespo\u0142u seniorskiego.<\/em><\/p>\n<p><em>Kilkana\u015bcie os\u00f3b wci\u0105\u017c wierzy\u0142o, \u017ce zesp\u00f3\u0142 seniorek jednak wyst\u0105pi w rozgrywkach PZPS.<\/em><\/p>\n<p><em>Plany przygotowa\u0144 zespo\u0142u sporz\u0105dzono jednak pod k\u0105tem gry w trzeciej lidze.<\/em><\/p>\n<p><em><strong>Granica czasu<\/strong>, kt\u00f3ry dzieli\u0142 wszystkich od ostatecznej decyzji powoli zacz\u0119\u0142a si\u0119 mocno kurczy\u0107.<\/em><\/p>\n<p><em>W ko\u0144cu dzi\u0119ki zaanga\u017cowaniu kilkunastu os\u00f3b oraz finansowemu wsparciu kilku bardzo istotnych w tej sprawie os\u00f3b na kilka dni przed terminem klub potwierdza, \u017ce pierwszy raz w historii dru\u017cyna seniorek wystartuje w lidze PZPS.<\/em><\/p>\n<p><em>Kolejne dni up\u0142ywaj\u0105 na zgrupowaniu w Mielnie oraz dalszych treningach na w\u0142asnych obiektach.<\/em><\/p>\n<p><em>Przed Nami VIII Og\u00f3lnopolski Turniej Otwarcia Sezonu w Pi\u0142ce Siatkowej Kobiet&#8230;<\/em><\/p>\n","protected":false},"excerpt":{"rendered":"<p>Po stracie szans na awans do drugiej ligi siatk\u00f3wki kobiet w klubie rozpocz\u0105\u0142 si\u0119 etap roztrenowania, a zawodniczki i dzia\u0142acze powoli my\u015bleli o wakacjach i tym co wydarzy si\u0119 od sierpnia. W trakcie przerwy letniej szybko uda\u0142o si\u0119 ustali\u0107 plan trening\u00f3w oraz kadry m\u0142odzie\u017cowe na sezon 2016\/2017. Najwi\u0119kszy ruch panowa\u0142 w gronie zespo\u0142u seniorskiego. Kilkana\u015bcie [&hellip;]<\/p>\n","protected":false},"author":1,"featured_media":0,"comment_status":"closed","ping_status":"closed","sticky":false,"template":"","format":"standard","meta":{"ngg_post_thumbnail":0},"categories":[3],"tags":[],"_links":{"self":[{"href":"https:\/\/skfks.pl\/index.php?rest_route=\/wp\/v2\/posts\/47576"}],"collection":[{"href":"https:\/\/skfks.pl\/index.php?rest_route=\/wp\/v2\/posts"}],"about":[{"href":"https:\/\/skfks.pl\/index.php?rest_route=\/wp\/v2\/types\/post"}],"author":[{"embeddable":true,"href":"https:\/\/skfks.pl\/index.php?rest_route=\/wp\/v2\/users\/1"}],"replies":[{"embeddable":true,"href":"https:\/\/skfks.pl\/index.php?rest_route=%2Fwp%2Fv2%2Fcomments&post=47576"}],"version-history":[{"count":1,"href":"https:\/\/skfks.pl\/index.php?rest_route=\/wp\/v2\/posts\/47576\/revisions"}],"predecessor-version":[{"id":47578,"href":"https:\/\/skfks.pl\/index.php?rest_route=\/wp\/v2\/posts\/47576\/revisions\/47578"}],"wp:attachment":[{"href":"https:\/\/skfks.pl\/index.php?rest_route=%2Fwp%2Fv2%2Fmedia&parent=47576"}],"wp:term":[{"taxonomy":"category","embeddable":true,"href":"https:\/\/skfks.pl\/index.php?rest_route=%2Fwp%2Fv2%2Fcategories&post=47576"},{"taxonomy":"post_tag","embeddable":true,"href":"https:\/\/skfks.pl\/index.php?rest_route=%2Fwp%2Fv2%2Ftags&post=47576"}],"curies":[{"name":"wp","href":"https:\/\/api.w.org\/{rel}","templated":true}]}}