{"id":47560,"date":"2017-07-10T00:02:29","date_gmt":"2017-07-10T00:02:29","guid":{"rendered":"http:\/\/skfks.pl\/?p=47560"},"modified":"2017-07-07T08:11:51","modified_gmt":"2017-07-07T08:11:51","slug":"europosel-krystyna-lybacka-patronem-otwarcia","status":"publish","type":"post","link":"https:\/\/skfks.pl\/?p=47560","title":{"rendered":"Europose\u0142 Krystyna \u0141ybacka patronem otwarcia"},"content":{"rendered":"<p><strong>Europose\u0142 Krystyna \u0141ybacka zosta\u0142a oficjalnym patronem Otwarcia Sezonu, kt\u00f3ry w kategorii Open odb\u0119dzie si\u0119 w dniach 2-3 wrze\u015bnia w Poznaniu.<\/strong><\/p>\n","protected":false},"excerpt":{"rendered":"<p>Europose\u0142 Krystyna \u0141ybacka zosta\u0142a oficjalnym patronem Otwarcia Sezonu, kt\u00f3ry w kategorii Open odb\u0119dzie si\u0119 w dniach 2-3 wrze\u015bnia w Poznaniu.<\/p>\n","protected":false},"author":4,"featured_media":0,"comment_status":"closed","ping_status":"closed","sticky":false,"template":"","format":"standard","meta":{"ngg_post_thumbnail":0},"categories":[3,17],"tags":[],"_links":{"self":[{"href":"https:\/\/skfks.pl\/index.php?rest_route=\/wp\/v2\/posts\/47560"}],"collection":[{"href":"https:\/\/skfks.pl\/index.php?rest_route=\/wp\/v2\/posts"}],"about":[{"href":"https:\/\/skfks.pl\/index.php?rest_route=\/wp\/v2\/types\/post"}],"author":[{"embeddable":true,"href":"https:\/\/skfks.pl\/index.php?rest_route=\/wp\/v2\/users\/4"}],"replies":[{"embeddable":true,"href":"https:\/\/skfks.pl\/index.php?rest_route=%2Fwp%2Fv2%2Fcomments&post=47560"}],"version-history":[{"count":1,"href":"https:\/\/skfks.pl\/index.php?rest_route=\/wp\/v2\/posts\/47560\/revisions"}],"predecessor-version":[{"id":47562,"href":"https:\/\/skfks.pl\/index.php?rest_route=\/wp\/v2\/posts\/47560\/revisions\/47562"}],"wp:attachment":[{"href":"https:\/\/skfks.pl\/index.php?rest_route=%2Fwp%2Fv2%2Fmedia&parent=47560"}],"wp:term":[{"taxonomy":"category","embeddable":true,"href":"https:\/\/skfks.pl\/index.php?rest_route=%2Fwp%2Fv2%2Fcategories&post=47560"},{"taxonomy":"post_tag","embeddable":true,"href":"https:\/\/skfks.pl\/index.php?rest_route=%2Fwp%2Fv2%2Ftags&post=47560"}],"curies":[{"name":"wp","href":"https:\/\/api.w.org\/{rel}","templated":true}]}}