{"id":41898,"date":"2016-07-28T00:00:38","date_gmt":"2016-07-28T00:00:38","guid":{"rendered":"http:\/\/skfks.pl\/?p=41898"},"modified":"2016-07-27T08:13:40","modified_gmt":"2016-07-27T08:13:40","slug":"od-poniedzialku-spotkania-z-trenerami","status":"publish","type":"post","link":"https:\/\/skfks.pl\/?p=41898","title":{"rendered":"Od poniedzia\u0142ku spotkania z trenerami"},"content":{"rendered":"<p>Od poniedzia\u0142ku prowadzone b\u0119d\u0105 spotkania z trenerami na temat sezonu 2016\/2017.<\/p>\n","protected":false},"excerpt":{"rendered":"<p>Od poniedzia\u0142ku prowadzone b\u0119d\u0105 spotkania z trenerami na temat sezonu 2016\/2017.<\/p>\n","protected":false},"author":4,"featured_media":0,"comment_status":"closed","ping_status":"closed","sticky":false,"template":"","format":"standard","meta":{"ngg_post_thumbnail":0},"categories":[17],"tags":[],"_links":{"self":[{"href":"https:\/\/skfks.pl\/index.php?rest_route=\/wp\/v2\/posts\/41898"}],"collection":[{"href":"https:\/\/skfks.pl\/index.php?rest_route=\/wp\/v2\/posts"}],"about":[{"href":"https:\/\/skfks.pl\/index.php?rest_route=\/wp\/v2\/types\/post"}],"author":[{"embeddable":true,"href":"https:\/\/skfks.pl\/index.php?rest_route=\/wp\/v2\/users\/4"}],"replies":[{"embeddable":true,"href":"https:\/\/skfks.pl\/index.php?rest_route=%2Fwp%2Fv2%2Fcomments&post=41898"}],"version-history":[{"count":1,"href":"https:\/\/skfks.pl\/index.php?rest_route=\/wp\/v2\/posts\/41898\/revisions"}],"predecessor-version":[{"id":41900,"href":"https:\/\/skfks.pl\/index.php?rest_route=\/wp\/v2\/posts\/41898\/revisions\/41900"}],"wp:attachment":[{"href":"https:\/\/skfks.pl\/index.php?rest_route=%2Fwp%2Fv2%2Fmedia&parent=41898"}],"wp:term":[{"taxonomy":"category","embeddable":true,"href":"https:\/\/skfks.pl\/index.php?rest_route=%2Fwp%2Fv2%2Fcategories&post=41898"},{"taxonomy":"post_tag","embeddable":true,"href":"https:\/\/skfks.pl\/index.php?rest_route=%2Fwp%2Fv2%2Ftags&post=41898"}],"curies":[{"name":"wp","href":"https:\/\/api.w.org\/{rel}","templated":true}]}}