{"id":41698,"date":"2016-07-13T17:31:11","date_gmt":"2016-07-13T17:31:11","guid":{"rendered":"http:\/\/skfks.pl\/?p=41698"},"modified":"2016-07-13T17:31:11","modified_gmt":"2016-07-13T17:31:11","slug":"dzien-na-zywo-z-mielnaskfks-pl-skf-tv-facebook-skf-ks","status":"publish","type":"post","link":"https:\/\/skfks.pl\/?p=41698","title":{"rendered":"Dzie\u0144 na \u017cywo z Mielna!(skfks.pl, SKF TV, facebook skf ks)"},"content":{"rendered":"<p><strong>Informujemy, \u017ce przebieg letniego zgrupowania w Mielnie b\u0119dzie mo\u017cna \u015bledzi\u0107 na koncie klubu w serwisie facebook, stronie skfks.pl oraz kanale SKF TV.<\/strong><\/p>\n<p><strong>Codzienny &#8222;Dzie\u0144 na \u017cywo&#8221; rozpoczyna\u0107 si\u0119 b\u0119dzie od godz. 07:00, a jego zako\u0144czenie nast\u0119powa\u0107 b\u0119dzie oko\u0142o godz. 23:00.<\/strong><\/p>\n<p><strong>W ramach w\/w pozycji b\u0119dzie mo\u017cna obejrze\u0107 zdj\u0119cia z danego dnia zgrupowania, kr\u00f3tkie materia\u0142y video z pobytu w danej grupie wiekowej w trakcie zaj\u0119\u0107 oraz wywiad dnia, prowadzona b\u0119dzie r\u00f3wnie\u017c relacja tekstowa z ka\u017cdego dnia pobytu w Mielnie.<\/strong><\/p>\n<p><em>Chcemy, aby przy tak du\u017cej liczbie uczestniczek ka\u017cdy z cz\u0142onk\u00f3w rodzin naszych zawodniczek by\u0142 na bie\u017c\u0105co ze zgrupowaniem. Materia\u0142y maj\u0105 by\u0107 por\u00f3wnywalne do stylu prowadzenia relacji ze zgrupowania w Wandowie w roku 2015 z zastrze\u017ceniem, \u017ce tym razem na pewno mocniejszej selekcji z uwagi na r\u00f3\u017cn\u0105 jako\u015b\u0107 ulegn\u0105 zdj\u0119cia wykonywane na zgrupowaniu. Rozmowa dnia to znakomite podsumowanie odczu\u0107 uczestniczek oraz kadry prowadz\u0105cej na temat trwania zgrupowania i jego przebiegu. Zdj\u0119cia s\u0105 na pewno dla rodzic\u00f3w bezcenne i postaramy si\u0119 zajrze\u0107 do ka\u017cdej grupy wiekowej w danym dniu. Materia\u0142y video b\u0119d\u0105 emitowane z komentarzem tak, aby jak najlepiej wiadomo by\u0142o co si\u0119 dzieje w danym momencie. Nie wszystkie fakty zaprezentujemy przed wyjazdem, bowiem cz\u0119\u015b\u0107 ma stanowi\u0107 niespodziank\u0119 dla odbiorc\u00f3w. My\u015bl\u0119, \u017ce ten tydzie\u0144 sprawi, \u017ce &#8222;b\u0119d\u0105 Oni&#8221; w Mielnie niemal\u017ce jak my. Startujemy codziennie ju\u017c od rana do p\u00f3\u017anej nocy z zastrze\u017ceniem pierwszego i ostatniego dnia kiedy skupimy si\u0119 na relacjach tekstowych i podr\u00f3\u017cy b\u0119d\u0105 to materia\u0142y bardzo bogate &#8211; <\/em><strong>powiedzia\u0142 wydawca serwisu z obozu Micha\u0142 Su\u0142kowski<\/strong><\/p>\n","protected":false},"excerpt":{"rendered":"<p>Informujemy, \u017ce przebieg letniego zgrupowania w Mielnie b\u0119dzie mo\u017cna \u015bledzi\u0107 na koncie klubu w serwisie facebook, stronie skfks.pl oraz kanale SKF TV. Codzienny &#8222;Dzie\u0144 na \u017cywo&#8221; rozpoczyna\u0107 si\u0119 b\u0119dzie od godz. 07:00, a jego zako\u0144czenie nast\u0119powa\u0107 b\u0119dzie oko\u0142o godz. 23:00. W ramach w\/w pozycji b\u0119dzie mo\u017cna obejrze\u0107 zdj\u0119cia z danego dnia zgrupowania, kr\u00f3tkie materia\u0142y video [&hellip;]<\/p>\n","protected":false},"author":1,"featured_media":0,"comment_status":"closed","ping_status":"closed","sticky":false,"template":"","format":"standard","meta":{"ngg_post_thumbnail":0},"categories":[3,17],"tags":[],"_links":{"self":[{"href":"https:\/\/skfks.pl\/index.php?rest_route=\/wp\/v2\/posts\/41698"}],"collection":[{"href":"https:\/\/skfks.pl\/index.php?rest_route=\/wp\/v2\/posts"}],"about":[{"href":"https:\/\/skfks.pl\/index.php?rest_route=\/wp\/v2\/types\/post"}],"author":[{"embeddable":true,"href":"https:\/\/skfks.pl\/index.php?rest_route=\/wp\/v2\/users\/1"}],"replies":[{"embeddable":true,"href":"https:\/\/skfks.pl\/index.php?rest_route=%2Fwp%2Fv2%2Fcomments&post=41698"}],"version-history":[{"count":1,"href":"https:\/\/skfks.pl\/index.php?rest_route=\/wp\/v2\/posts\/41698\/revisions"}],"predecessor-version":[{"id":41700,"href":"https:\/\/skfks.pl\/index.php?rest_route=\/wp\/v2\/posts\/41698\/revisions\/41700"}],"wp:attachment":[{"href":"https:\/\/skfks.pl\/index.php?rest_route=%2Fwp%2Fv2%2Fmedia&parent=41698"}],"wp:term":[{"taxonomy":"category","embeddable":true,"href":"https:\/\/skfks.pl\/index.php?rest_route=%2Fwp%2Fv2%2Fcategories&post=41698"},{"taxonomy":"post_tag","embeddable":true,"href":"https:\/\/skfks.pl\/index.php?rest_route=%2Fwp%2Fv2%2Ftags&post=41698"}],"curies":[{"name":"wp","href":"https:\/\/api.w.org\/{rel}","templated":true}]}}