{"id":41629,"date":"2016-07-10T15:56:31","date_gmt":"2016-07-10T15:56:31","guid":{"rendered":"http:\/\/skfks.pl\/?p=41629"},"modified":"2016-07-10T15:56:31","modified_gmt":"2016-07-10T15:56:31","slug":"michal-sulkowski-najwazniejsze-byly-i-sa-zawodniczki-rozmowa-z-czlonkiem-zarzadu-skf-ks-poznan","status":"publish","type":"post","link":"https:\/\/skfks.pl\/?p=41629","title":{"rendered":"Micha\u0142 Su\u0142kowski: &#8222;Najwa\u017cniejsze by\u0142y i s\u0105 zawodniczki&#8221; &#8211; rozmowa z Cz\u0142onkiem Zarz\u0105du SKF KS Pozna\u0144"},"content":{"rendered":"<p><strong>Dzie\u0144 dobry. Jak obecnie wygl\u0105da stan przygotowa\u0144 klubu do sezonu 2016\/2017?<\/strong><\/p>\n<p>Micha\u0142 Su\u0142kowski: <em>W klubie od po\u0142owy czerwca rozpocz\u0119\u0142a si\u0119 przerwa wakacyjna od zaj\u0119\u0107, ale to nie znaczy, \u017ce poszli\u015bmy na wakacje. Wsp\u00f3lnie z Prezesem Klubu Damianem Gapikiem pracujemy nad przygotowaniami do nowego sezonu dla zawodniczek. Wci\u0105\u017c jest co\u015b do robienia i powoli tych rzeczy do za\u0142atwienia zostaje coraz mniej. Nie wszystko na dzi\u015b mo\u017cemy powiedzie\u0107, ale wierzymy, \u017ce b\u0119dzie to dla Nas pozytywne.<\/em><\/p>\n<p><strong>Okres ko\u0144c\u00f3wki sezonu i turniej w Siewierzu. Co Pan przed Nim i w trakcie niego czu\u0142?<\/strong><\/p>\n<p>Micha\u0142 Su\u0142kowski: <em>Przede wszystkim, ani ja przed, ani w trakcie turnieju nie by\u0142em najwa\u017cniejszy, ale najwa\u017cniejsze by\u0142y i s\u0105 zawodniczki. Dlatego to ich odczucia powinni\u015bmy na temat gier przedstawia\u0107. Na pewno niezapomniana przygoda i w niedziel\u0119 bardzo du\u017cy \u017cal, bo zabrak\u0142o bardzo niewiele. Sportowo dzi\u0119ki swojej ambicji dziewczyny dotar\u0142y bardzo daleko i przy tej okazji chcia\u0142bym podzi\u0119kowa\u0107 zawodniczkom, rodzicom, sponsorom, trenerom oraz Wydzia\u0142owi Sportu Miasta Poznania bez, kt\u00f3rego to nie zrobiliby\u015bmy tak dobrego wyniku.<\/em><\/p>\n<p><strong>W jakich rozgrywkach wystartuj\u0105 seniorki w nowym sezonie?<\/strong><\/p>\n<p>Micha\u0142 Su\u0142kowski: <em>W rozgrywkach ligi seniorskiej.<\/em><\/p>\n<p><strong>Co Pan uwa\u017ca za najwa\u017cniejsze w ruchach kadrowych w zespole seniorskim przed kolejnym sezonem ligowym?<\/strong><\/p>\n<p>Micha\u0142 Su\u0142kowski: <em>Utrzymanie stanu posiadania. Bardzo wa\u017cne by\u0142o dla Nas, aby utrzyma\u0107 podstawowy trzon zespo\u0142u. Odesz\u0142a Aga Szczerba, ale na to byli\u015bmy gotowi, bo wiedzieli\u015bmy, \u017ce chce wraca\u0107 w rodzinne strony, a poza Ni\u0105 nie uby\u0142 nikt kto mia\u0142 istotny wp\u0142yw na wynik zespo\u0142u trzecioligowego w minionym sezonie. Nie ma si\u0119 co oszukiwa\u0107, \u017ce wszyscy chcieli\u015bmy, aby zosta\u0142a Paulina Pachurka i cieszymy si\u0119, \u017ce tak si\u0119 sta\u0142o, bo jest bardzo warto\u015bciowym ogniwem zespo\u0142u. W gronie \u015brodkowych powraca Angelika Halczak, kt\u00f3ra z pewno\u015bci\u0105 zaprezentuje wysok\u0105 pozytywn\u0105 jako\u015b\u0107. Wznawiaj\u0105 treningi Koziorowska, Patynek, Kowalska, a pozyskali\u015bmy Maj\u0119 Nowick\u0105 z Pi\u0142y i Juli\u0119 Adamek z teamu Hetmana Sobieski &#8211; to wszystko s\u0105 ruchy, kt\u00f3re \u015bwiadcz\u0105, \u017ce ten zesp\u00f3\u0142 b\u0119dzie mocny na nowy sezon na pewno i trzeba mu stawia\u0107 bardzo wysokie cele.<\/em><\/p>\n<p><strong>Siatk\u00f3wka m\u0142odzie\u017cowa w klubie to&#8230; ?<\/strong><\/p>\n<p>Micha\u0142 Su\u0142kowski: <em>Siatk\u00f3wka m\u0142odzie\u017cowa jest fundamentem naszej dzia\u0142alno\u015bci i m\u0142odzie\u017c w klubie jest dla Nas bardzo wa\u017cna. Wierzymy, \u017ce zobaczymy wi\u0119kszo\u015b\u0107 tych siatkarek w zespole seniorskim naszego klubu po przej\u015bciu drogi m\u0142odzie\u017cowej i z pewno\u015bci\u0105 i m\u0142odzie\u017c i trenerzy dzia\u0142a\u0107 b\u0119d\u0105 tak, aby tak si\u0119 sta\u0142o. Wida\u0107 r\u00f3wnie\u017c, \u017ce nasze szkolenie zaczyna by\u0107 doceniane przez inne kluby, kt\u00f3re chc\u0105 wzmacnia\u0107 si\u0119 naszymi wychowankami w walce o swoje cele. Na pewno w siatk\u00f3wk\u0119 m\u0142odzie\u017cow\u0105 b\u0119dziemy sporo inwestowa\u0107 i jak wida\u0107 po wynikach, 7 miejsce juniorek w pierwszym sezonie, 7 miejsce kadetek z 21 dwa lata temu czy wynikach mini siatk\u00f3wki ma to sens, a nie by\u0142oby tego wszystkiego bez wspieraj\u0105cego Nasz\u0105 dzia\u0142alno\u015b\u0107 aktywnie Wydzia\u0142u Sportu Miasta Poznania oraz kapitalnych rodzic\u00f3w siatkarek za co serdecznie dzi\u0119kujemy.<\/em><\/p>\n<p><strong>Puchar Polski w nowym sezonie wr\u00f3ci po kilku latach do Poznania za spraw\u0105 wyst\u0119p\u00f3w siatkarek SKF KS Pozna\u0144. Jakie sobie stawiacie cele w tych rozgrywkach?<\/strong><\/p>\n<p>Micha\u0142 Su\u0142kowski: <em>Bez wzgl\u0119du na rozgrywki zawsze chcemy godnie reprezentowa\u0107 Miasto Pozna\u0144, naszych sponsor\u00f3w, partner\u00f3w, rodzic\u00f3w i\u00a0kibic\u00f3w\u00a0i tu si\u0119 nic nie zmieni. Rozgrywki Pucharu Polski s\u0105 dodatkiem do ligi, ale chcemy w tych rozgrywkach przej\u015b\u0107\u00a0co najmniej\u00a0trzy rundy czy to si\u0119 uda zobaczymy. Na pewno w ka\u017cdym meczu zagramy na sto procent i nie traktujemy tych rozgrywek jak sparing\u00f3w, lecz s\u0105 dla Nas wa\u017cne.<\/em><\/p>\n<p><strong>SKF TV i skfks.pl w nowym sezonie?<\/strong><\/p>\n<p>Micha\u0142 Su\u0142kowski: <em>Z pewno\u015bci\u0105 b\u0119dziemy kontynuowa\u0107 te projekty i b\u0119dziemy je dalej rozwija\u0107. Na pewno Nasi kibice mog\u0105 liczy\u0107 na aktywne dzia\u0142ania tych element\u00f3w.<\/em><\/p>\n<p><strong>Siatk\u00f3wka pla\u017cowa w minionym sezonie?<\/strong><\/p>\n<p>Micha\u0142 Su\u0142kowski: <em>W mini siatk\u00f3wce dopiero uczymy si\u0119 tego pola dzia\u0142ania. W m\u0142odziczce mieli\u015bmy wielk\u0105 szans\u0119, ale na przeszkodzie stan\u0119\u0142a choroba jednej z siatkarek. Wyst\u0119p kadetek pokaza\u0142, \u017ce mia\u0142y swoje szanse, ale zabrak\u0142o podej\u015bcia do trening\u00f3w na 100 procent, a w rozgrywkach juniorek celem by\u0142o wyj\u015bcie z Wielkopolski dalej. Uda\u0142o si\u0119 to zrobi\u0107 po pokonaniu Energetyka Pozna\u0144 2:1 i szkoda, \u017ce dwa kolejne spotkania przegrali\u015bmy po pi\u0119knej walce. W turnieju p\u00f3\u0142fina\u0142owym d\u0142ugo \u017cyli\u015bmy nadziej\u0105 na awans ostatecznie si\u0119 nie uda\u0142o. Mamy pewne wnioski. Zobaczymy jak b\u0119dzie si\u0119 rozwija\u0142 ten projekt.<\/em><\/p>\n<p><strong>Wsp\u00f3\u0142praca na linii klub trenerzy?<\/strong><\/p>\n<p>Micha\u0142 Su\u0142kowski: <em>Nie b\u0119d\u0119 ocenia\u0142 wsp\u00f3\u0142pracy z Damianem Gapikiem, bo On jako Prezes i trener ma prawo ocenia\u0107 Nas. Jestem osobi\u015bcie zadowolony z pracy trener\u00f3w, cho\u0107 oczywi\u015bcie w pracy ka\u017cdego r\u00f3wnie\u017c mojej s\u0105 rzeczy, kt\u00f3re nale\u017cy poprawia\u0107, ale o tym na pewno nie b\u0119dziemy rozmawia\u0107 publicznie. Bardzo wyr\u00f3\u017cniam trener Ciemniejewsk\u0105 i trenera Wodzienia za spos\u00f3b komunikacji w okresie trwania rozgrywek oraz kapitalne zdj\u0119cia, kt\u00f3re mo\u017cemy p\u00f3\u017aniej wykorzystywa\u0107.<\/em><\/p>\n<p><strong>Rola Miasta Pozna\u0144 w \u017cyciu klubu SKF KS Pozna\u0144?<\/strong><\/p>\n<p>Micha\u0142 Su\u0142kowski: <em>Wsp\u00f3\u0142praca z Miastem Pozna\u0144 jest dla Nas od pierwszego dnia kluczowa i bardzo wa\u017cna. \u015ar\u00f3dki przekazywane przez Wydzia\u0142 Sportu Miasta Poznania pozwalaj\u0105 nam na realizacj\u0119 wielu pozytywnych dzia\u0142a\u0144 oraz osi\u0105ganie coraz to lepszych wynik\u00f3w. Bez wsparcia Miasta na pewno cz\u0119\u015b\u0107 cel\u00f3w, kt\u00f3re udaje si\u0119 nam osi\u0105ga\u0107 by\u0142aby nierealna dlatego jeszcze raz gor\u0105co i serdecznie za t\u0105 pomoc od pierwszego dnia DZI\u0118KUJEMY.<\/em><\/p>\n<p><strong>Ob\u00f3z w Mielnie?<\/strong><\/p>\n<p>Micha\u0142 Su\u0142kowski: <em>Realizowany b\u0119dzie od 19 sierpnia do 26 sierpnia. Rekordowa ilo\u015b\u0107 os\u00f3b i sportowej przygody. Dwa autobusy, kt\u00f3re zawioz\u0105 dziewczyny na czas pracy po\u0142\u0105czony ze wspania\u0142\u0105 zabaw\u0105. Jestem dobrej my\u015bli.<\/em><\/p>\n<p><strong>Czego \u017cyczy\u0107 w dalszym dzia\u0142aniu?<\/strong><\/p>\n<p>Micha\u0142 Su\u0142kowski: <em>Rozwijajmy si\u0119 dalej w zdrowiu i przy wsp\u00f3lnym d\u0105\u017ceniu do celu i dzia\u0142aniu z naszymi partnerami i sponsorami,a \u00a0dzie\u0144 pozytywny nadejdzie jeszcze nie raz.<\/em><\/p>\n<p><strong>Dzi\u0119kuj\u0119 za rozmow\u0119.<\/strong><\/p>\n<p><em>Dzi\u0119kuj\u0119.<\/em><\/p>\n<p><em><br \/>\n<\/em><\/p>\n","protected":false},"excerpt":{"rendered":"<p>Dzie\u0144 dobry. Jak obecnie wygl\u0105da stan przygotowa\u0144 klubu do sezonu 2016\/2017? Micha\u0142 Su\u0142kowski: W klubie od po\u0142owy czerwca rozpocz\u0119\u0142a si\u0119 przerwa wakacyjna od zaj\u0119\u0107, ale to nie znaczy, \u017ce poszli\u015bmy na wakacje. Wsp\u00f3lnie z Prezesem Klubu Damianem Gapikiem pracujemy nad przygotowaniami do nowego sezonu dla zawodniczek. Wci\u0105\u017c jest co\u015b do robienia i powoli tych rzeczy [&hellip;]<\/p>\n","protected":false},"author":1,"featured_media":0,"comment_status":"closed","ping_status":"closed","sticky":false,"template":"","format":"standard","meta":{"ngg_post_thumbnail":0},"categories":[3,19],"tags":[],"_links":{"self":[{"href":"https:\/\/skfks.pl\/index.php?rest_route=\/wp\/v2\/posts\/41629"}],"collection":[{"href":"https:\/\/skfks.pl\/index.php?rest_route=\/wp\/v2\/posts"}],"about":[{"href":"https:\/\/skfks.pl\/index.php?rest_route=\/wp\/v2\/types\/post"}],"author":[{"embeddable":true,"href":"https:\/\/skfks.pl\/index.php?rest_route=\/wp\/v2\/users\/1"}],"replies":[{"embeddable":true,"href":"https:\/\/skfks.pl\/index.php?rest_route=%2Fwp%2Fv2%2Fcomments&post=41629"}],"version-history":[{"count":1,"href":"https:\/\/skfks.pl\/index.php?rest_route=\/wp\/v2\/posts\/41629\/revisions"}],"predecessor-version":[{"id":41631,"href":"https:\/\/skfks.pl\/index.php?rest_route=\/wp\/v2\/posts\/41629\/revisions\/41631"}],"wp:attachment":[{"href":"https:\/\/skfks.pl\/index.php?rest_route=%2Fwp%2Fv2%2Fmedia&parent=41629"}],"wp:term":[{"taxonomy":"category","embeddable":true,"href":"https:\/\/skfks.pl\/index.php?rest_route=%2Fwp%2Fv2%2Fcategories&post=41629"},{"taxonomy":"post_tag","embeddable":true,"href":"https:\/\/skfks.pl\/index.php?rest_route=%2Fwp%2Fv2%2Ftags&post=41629"}],"curies":[{"name":"wp","href":"https:\/\/api.w.org\/{rel}","templated":true}]}}