{"id":40725,"date":"2016-05-30T07:38:54","date_gmt":"2016-05-30T07:38:54","guid":{"rendered":"http:\/\/skfks.pl\/?p=40725"},"modified":"2016-05-30T07:38:54","modified_gmt":"2016-05-30T07:38:54","slug":"od-czwartku-kadetki-wracaja-na-strzelecka","status":"publish","type":"post","link":"https:\/\/skfks.pl\/?p=40725","title":{"rendered":"Od czwartku kadetki wracaj\u0105 na Strzeleck\u0105!"},"content":{"rendered":"<p><strong>Od czwartku 2 czerwca zaj\u0119cia kadetek po przerwie maturalnej odbywa\u0107 si\u0119 b\u0119d\u0105 ponownie na Strzeleckiej zgodnie ze sta\u0142ym harmonogramem.<\/strong><\/p>\n","protected":false},"excerpt":{"rendered":"<p>Od czwartku 2 czerwca zaj\u0119cia kadetek po przerwie maturalnej odbywa\u0107 si\u0119 b\u0119d\u0105 ponownie na Strzeleckiej zgodnie ze sta\u0142ym harmonogramem.<\/p>\n","protected":false},"author":4,"featured_media":0,"comment_status":"closed","ping_status":"closed","sticky":false,"template":"","format":"standard","meta":{"ngg_post_thumbnail":0},"categories":[3,13,15],"tags":[],"_links":{"self":[{"href":"https:\/\/skfks.pl\/index.php?rest_route=\/wp\/v2\/posts\/40725"}],"collection":[{"href":"https:\/\/skfks.pl\/index.php?rest_route=\/wp\/v2\/posts"}],"about":[{"href":"https:\/\/skfks.pl\/index.php?rest_route=\/wp\/v2\/types\/post"}],"author":[{"embeddable":true,"href":"https:\/\/skfks.pl\/index.php?rest_route=\/wp\/v2\/users\/4"}],"replies":[{"embeddable":true,"href":"https:\/\/skfks.pl\/index.php?rest_route=%2Fwp%2Fv2%2Fcomments&post=40725"}],"version-history":[{"count":2,"href":"https:\/\/skfks.pl\/index.php?rest_route=\/wp\/v2\/posts\/40725\/revisions"}],"predecessor-version":[{"id":40728,"href":"https:\/\/skfks.pl\/index.php?rest_route=\/wp\/v2\/posts\/40725\/revisions\/40728"}],"wp:attachment":[{"href":"https:\/\/skfks.pl\/index.php?rest_route=%2Fwp%2Fv2%2Fmedia&parent=40725"}],"wp:term":[{"taxonomy":"category","embeddable":true,"href":"https:\/\/skfks.pl\/index.php?rest_route=%2Fwp%2Fv2%2Fcategories&post=40725"},{"taxonomy":"post_tag","embeddable":true,"href":"https:\/\/skfks.pl\/index.php?rest_route=%2Fwp%2Fv2%2Ftags&post=40725"}],"curies":[{"name":"wp","href":"https:\/\/api.w.org\/{rel}","templated":true}]}}