{"id":39329,"date":"2016-03-28T00:01:43","date_gmt":"2016-03-28T00:01:43","guid":{"rendered":"http:\/\/skfks.pl\/?p=39329"},"modified":"2016-03-27T13:59:29","modified_gmt":"2016-03-27T13:59:29","slug":"osoby-odpowiedzialne-za-prowadzenie-klubu-skf-ks-poznan","status":"publish","type":"post","link":"https:\/\/skfks.pl\/?p=39329","title":{"rendered":"Osoby odpowiedzialne za prowadzenie klubu SKF KS Pozna\u0144"},"content":{"rendered":"<p><strong>Kadencja w\u0142adz na okres 25.01.2016 \u2013 24.01.2021<\/strong><\/p>\n<p>Prezes \u2013 Damian Gapik<br \/>\nCz\u0142onek Zarz\u0105du ds. organizacyjno-finansowych \u2013 Micha\u0142 Su\u0142kowski<br \/>\nCz\u0142onek Zarz\u0105du ds. marketingu \u2013 Bart\u0142omiej Char\u0119za<br \/>\nCz\u0142onek Zarz\u0105du \u2013 Wojciech Kieslich<br \/>\nSekretarz \u2013 Micha\u0142 Strzelczyk<\/p>\n<p><strong>Komisja Rewizyjna:<\/strong><br \/>\nPrzewodnicz\u0105cy \u2013 Jakub K\u0119dzia<br \/>\nCz\u0142onek Komisji \u2013 Anna Kania<br \/>\nSekretarz \u2013 Maciej Baszczy\u0144ski<\/p>\n<p><strong>Ratownik medyczny<\/strong> &#8211; Grzegorz \u015awi\u0119ch<\/p>\n<p>&nbsp;<\/p>\n","protected":false},"excerpt":{"rendered":"<p>Kadencja w\u0142adz na okres 25.01.2016 \u2013 24.01.2021 Prezes \u2013 Damian Gapik Cz\u0142onek Zarz\u0105du ds. organizacyjno-finansowych \u2013 Micha\u0142 Su\u0142kowski Cz\u0142onek Zarz\u0105du ds. marketingu \u2013 Bart\u0142omiej Char\u0119za Cz\u0142onek Zarz\u0105du \u2013 Wojciech Kieslich Sekretarz \u2013 Micha\u0142 Strzelczyk Komisja Rewizyjna: Przewodnicz\u0105cy \u2013 Jakub K\u0119dzia Cz\u0142onek Komisji \u2013 Anna Kania Sekretarz \u2013 Maciej Baszczy\u0144ski Ratownik medyczny &#8211; Grzegorz \u015awi\u0119ch &nbsp;<\/p>\n","protected":false},"author":1,"featured_media":0,"comment_status":"closed","ping_status":"closed","sticky":false,"template":"","format":"standard","meta":{"ngg_post_thumbnail":0},"categories":[3,17],"tags":[],"_links":{"self":[{"href":"https:\/\/skfks.pl\/index.php?rest_route=\/wp\/v2\/posts\/39329"}],"collection":[{"href":"https:\/\/skfks.pl\/index.php?rest_route=\/wp\/v2\/posts"}],"about":[{"href":"https:\/\/skfks.pl\/index.php?rest_route=\/wp\/v2\/types\/post"}],"author":[{"embeddable":true,"href":"https:\/\/skfks.pl\/index.php?rest_route=\/wp\/v2\/users\/1"}],"replies":[{"embeddable":true,"href":"https:\/\/skfks.pl\/index.php?rest_route=%2Fwp%2Fv2%2Fcomments&post=39329"}],"version-history":[{"count":2,"href":"https:\/\/skfks.pl\/index.php?rest_route=\/wp\/v2\/posts\/39329\/revisions"}],"predecessor-version":[{"id":39342,"href":"https:\/\/skfks.pl\/index.php?rest_route=\/wp\/v2\/posts\/39329\/revisions\/39342"}],"wp:attachment":[{"href":"https:\/\/skfks.pl\/index.php?rest_route=%2Fwp%2Fv2%2Fmedia&parent=39329"}],"wp:term":[{"taxonomy":"category","embeddable":true,"href":"https:\/\/skfks.pl\/index.php?rest_route=%2Fwp%2Fv2%2Fcategories&post=39329"},{"taxonomy":"post_tag","embeddable":true,"href":"https:\/\/skfks.pl\/index.php?rest_route=%2Fwp%2Fv2%2Ftags&post=39329"}],"curies":[{"name":"wp","href":"https:\/\/api.w.org\/{rel}","templated":true}]}}