{"id":39213,"date":"2016-03-25T00:00:24","date_gmt":"2016-03-25T00:00:24","guid":{"rendered":"http:\/\/skfks.pl\/?p=39213"},"modified":"2016-03-24T22:33:49","modified_gmt":"2016-03-24T22:33:49","slug":"skf-tv-rozmowa-z-katarzyna-balickavideo-wywiad","status":"publish","type":"post","link":"https:\/\/skfks.pl\/?p=39213","title":{"rendered":"SKF TV: Rozmowa z Katarzyn\u0105 Balick\u0105(video) &#8211; wywiad"},"content":{"rendered":"<p>Materia\u0142 jest dost\u0119pny <a href=\"https:\/\/www.youtube.com\/watch?v=NuFOYb0qOxM\" target=\"_blank\">tutaj<\/a><\/p>\n","protected":false},"excerpt":{"rendered":"<p>Materia\u0142 jest dost\u0119pny tutaj<\/p>\n","protected":false},"author":4,"featured_media":0,"comment_status":"closed","ping_status":"closed","sticky":false,"template":"","format":"standard","meta":{"ngg_post_thumbnail":0},"categories":[3,12,17],"tags":[],"_links":{"self":[{"href":"https:\/\/skfks.pl\/index.php?rest_route=\/wp\/v2\/posts\/39213"}],"collection":[{"href":"https:\/\/skfks.pl\/index.php?rest_route=\/wp\/v2\/posts"}],"about":[{"href":"https:\/\/skfks.pl\/index.php?rest_route=\/wp\/v2\/types\/post"}],"author":[{"embeddable":true,"href":"https:\/\/skfks.pl\/index.php?rest_route=\/wp\/v2\/users\/4"}],"replies":[{"embeddable":true,"href":"https:\/\/skfks.pl\/index.php?rest_route=%2Fwp%2Fv2%2Fcomments&post=39213"}],"version-history":[{"count":1,"href":"https:\/\/skfks.pl\/index.php?rest_route=\/wp\/v2\/posts\/39213\/revisions"}],"predecessor-version":[{"id":39215,"href":"https:\/\/skfks.pl\/index.php?rest_route=\/wp\/v2\/posts\/39213\/revisions\/39215"}],"wp:attachment":[{"href":"https:\/\/skfks.pl\/index.php?rest_route=%2Fwp%2Fv2%2Fmedia&parent=39213"}],"wp:term":[{"taxonomy":"category","embeddable":true,"href":"https:\/\/skfks.pl\/index.php?rest_route=%2Fwp%2Fv2%2Fcategories&post=39213"},{"taxonomy":"post_tag","embeddable":true,"href":"https:\/\/skfks.pl\/index.php?rest_route=%2Fwp%2Fv2%2Ftags&post=39213"}],"curies":[{"name":"wp","href":"https:\/\/api.w.org\/{rel}","templated":true}]}}