{"id":39148,"date":"2016-03-22T00:00:19","date_gmt":"2016-03-22T00:00:19","guid":{"rendered":"http:\/\/skfks.pl\/?p=39148"},"modified":"2016-03-21T08:27:27","modified_gmt":"2016-03-21T08:27:27","slug":"lista-osob-na-zgrupowanie-letnie-do-mielna-stan-na-22-03-2016","status":"publish","type":"post","link":"https:\/\/skfks.pl\/?p=39148","title":{"rendered":"Lista os\u00f3b na zgrupowanie letnie do Mielna stan na 22.03.2016"},"content":{"rendered":"<p><strong><em>A 2000 i starsze:<\/em><\/strong><\/p>\n<ol>\n<li><em>Balicka Katarzyna<\/em><\/li>\n<li><em>Banasiak Marta<\/em><\/li>\n<li><em>Bi\u0144czycka \u0141ucja<\/em><\/li>\n<li><em>Cie\u015blak Wiktoria<\/em><\/li>\n<li><em>Gudowicz Anna<\/em><\/li>\n<li><em>Halak Anna<\/em><\/li>\n<li><em>Hardzi\u0144ska Adrianna<\/em><\/li>\n<li><em>Kaczmarek Zofia<\/em><\/li>\n<li><em>Kohut Karolina<\/em><\/li>\n<li><em>Miko\u0142ajczak Wiktoria<\/em><\/li>\n<li><em>Pi\u0105tek kamila<\/em><\/li>\n<li><em>Przybylska Joanna<\/em><\/li>\n<li><em>Radzewicz Jagoda<\/em><\/li>\n<li><em>Szczerba Agnieszka<\/em><\/li>\n<li><em>Halamska Alicja<\/em><\/li>\n<li><em>Urba\u0144ska Anna<\/em><\/li>\n<li><em>Gapik Julia<\/em><\/li>\n<\/ol>\n<p><strong><em>B 2001-2003:<\/em><\/strong><\/p>\n<ol>\n<li><em>Bor Amelia<\/em><\/li>\n<li><em>Choroma\u0144ska Aleksandra<\/em><\/li>\n<li><em>Czaplicka Zuzanna<\/em><\/li>\n<li><em>Fia\u0142kowicz Weronika<\/em><\/li>\n<li><em>G\u0105siorowska Nicole<\/em><\/li>\n<li><em>Gierka Blanka<\/em><\/li>\n<li><em>Grudzi\u0144ska Julia<\/em><\/li>\n<li><em>Ja\u015bkowiak Julia<\/em><\/li>\n<li><em>Kaczor Jagoda<\/em><\/li>\n<li><em>Klimek Gabriela<\/em><\/li>\n<li><em>Krause Julia<\/em><\/li>\n<li><em>\u0141opatka Karolina<\/em><\/li>\n<li><em>Maciejewska Natalia<\/em><\/li>\n<li><em>Mierzy\u0144ska Marta<\/em><\/li>\n<li><em>Molska Weronika<\/em><\/li>\n<li><em>Najrza\u0142<\/em><\/li>\n<li><em>Paprzycka Jagoda<\/em><\/li>\n<li><em>Pomietlak Katarzyna<\/em><\/li>\n<li><em>Siejak Zuzanna<\/em><\/li>\n<li><em>S\u0142awek Jagoda<\/em><\/li>\n<li><em>Sobolewska Olga<\/em><\/li>\n<li><em>Sypniewska Kamila<\/em><\/li>\n<li><em>Tonak Karolina<\/em><\/li>\n<li><em>Trafas Katarzyna<\/em><\/li>\n<li><em>Zi\u00f3\u0142ek Maria<\/em><\/li>\n<\/ol>\n<p><strong><em>C 2004-2006:<\/em><\/strong><\/p>\n<ol>\n<li><em>Andrzejewska Martyna<\/em><\/li>\n<li><em>Bestrzy\u0144ska Izabela<\/em><\/li>\n<li><em>Cichowlas Marysia<\/em><\/li>\n<li><em>Ere\u0144ska Edyta<\/em><\/li>\n<li><em>Graczyk Dobrochna<\/em><\/li>\n<li><em>Grudzi\u0144ska Dominika<\/em><\/li>\n<li><em>Gulik Milena<\/em><\/li>\n<li><em>Herman Aleksandra<\/em><\/li>\n<li><em>Wawrzyniak Anastazja<\/em><\/li>\n<li><em>Winiarska Maja<\/em><\/li>\n<li><em>Wiza Aleksandra<\/em><\/li>\n<li><em>Zalewska Kaja<\/em><\/li>\n<li><em>Stachowiak Mia<\/em><\/li>\n<\/ol>\n<p><strong><em>D 2007-2008<\/em><\/strong><\/p>\n<ol>\n<li>Balicka Michalina<\/li>\n<li>Janiak Hanna<\/li>\n<li>K\u0142osowska Maja<\/li>\n<li>K\u0142osowska Wiktoria<\/li>\n<li>Lambryczak Wiktoria<\/li>\n<li>\u0141opatka Dominika<\/li>\n<li>Wawrzyniak Julia<\/li>\n<li>Wiza Alicja<\/li>\n<\/ol>\n<p><strong><em>E p. Dominik<\/em><\/strong><\/p>\n<ol>\n<li><em>Avetisyan Rubina<\/em><\/li>\n<li><em>Hirsch Nicola<\/em><\/li>\n<li><em>Kamionka Aleksandra<\/em><\/li>\n<li><em>Kolska Jagoda<\/em><\/li>\n<li><em>Koz\u0142owska Marika<\/em><\/li>\n<li><em>Lange \u2013 Fabian Oliwia<\/em><\/li>\n<li><em>Liczba\u0144ska Wiktoria<\/em><\/li>\n<li><em>Maciejewska Angelika<\/em><\/li>\n<li><em>M\u0105\u0107kowiak \u2013 Czub Oliwia<\/em><\/li>\n<li><em>Makowska Maja<\/em><\/li>\n<li><em>Matyjaszyk Angelika<\/em><\/li>\n<li><em>Osses Julia<\/em><\/li>\n<li><em>Owczarek Adrianna<\/em><\/li>\n<li><em>Radke Klaudia<\/em><\/li>\n<li><em>Radzejewska Daria<\/em><\/li>\n<li><em>Rych\u0142y Adrianna<\/em><\/li>\n<li><em>Skowro\u0144ska Dominika<\/em><\/li>\n<li><em>Sobkowiak Vanessa<\/em><\/li>\n<li><em>Swierczy\u0144ska Magdalena<\/em><\/li>\n<li><em>Zachmoc Zuzanna<\/em><\/li>\n<li><em>Nowaczyk Joanna<\/em><\/li>\n<\/ol>\n<p>&nbsp;<\/p>\n","protected":false},"excerpt":{"rendered":"<p>A 2000 i starsze: Balicka Katarzyna Banasiak Marta Bi\u0144czycka \u0141ucja Cie\u015blak Wiktoria Gudowicz Anna Halak Anna Hardzi\u0144ska Adrianna Kaczmarek Zofia Kohut Karolina Miko\u0142ajczak Wiktoria Pi\u0105tek kamila Przybylska Joanna Radzewicz Jagoda Szczerba Agnieszka Halamska Alicja Urba\u0144ska Anna Gapik Julia B 2001-2003: Bor Amelia Choroma\u0144ska Aleksandra Czaplicka Zuzanna Fia\u0142kowicz Weronika G\u0105siorowska Nicole Gierka Blanka Grudzi\u0144ska Julia Ja\u015bkowiak [&hellip;]<\/p>\n","protected":false},"author":4,"featured_media":0,"comment_status":"closed","ping_status":"closed","sticky":false,"template":"","format":"standard","meta":{"ngg_post_thumbnail":0},"categories":[3],"tags":[],"_links":{"self":[{"href":"https:\/\/skfks.pl\/index.php?rest_route=\/wp\/v2\/posts\/39148"}],"collection":[{"href":"https:\/\/skfks.pl\/index.php?rest_route=\/wp\/v2\/posts"}],"about":[{"href":"https:\/\/skfks.pl\/index.php?rest_route=\/wp\/v2\/types\/post"}],"author":[{"embeddable":true,"href":"https:\/\/skfks.pl\/index.php?rest_route=\/wp\/v2\/users\/4"}],"replies":[{"embeddable":true,"href":"https:\/\/skfks.pl\/index.php?rest_route=%2Fwp%2Fv2%2Fcomments&post=39148"}],"version-history":[{"count":2,"href":"https:\/\/skfks.pl\/index.php?rest_route=\/wp\/v2\/posts\/39148\/revisions"}],"predecessor-version":[{"id":39153,"href":"https:\/\/skfks.pl\/index.php?rest_route=\/wp\/v2\/posts\/39148\/revisions\/39153"}],"wp:attachment":[{"href":"https:\/\/skfks.pl\/index.php?rest_route=%2Fwp%2Fv2%2Fmedia&parent=39148"}],"wp:term":[{"taxonomy":"category","embeddable":true,"href":"https:\/\/skfks.pl\/index.php?rest_route=%2Fwp%2Fv2%2Fcategories&post=39148"},{"taxonomy":"post_tag","embeddable":true,"href":"https:\/\/skfks.pl\/index.php?rest_route=%2Fwp%2Fv2%2Ftags&post=39148"}],"curies":[{"name":"wp","href":"https:\/\/api.w.org\/{rel}","templated":true}]}}