{"id":38716,"date":"2016-02-28T10:21:58","date_gmt":"2016-02-28T10:21:58","guid":{"rendered":"http:\/\/skfks.pl\/?p=38716"},"modified":"2016-02-28T10:21:58","modified_gmt":"2016-02-28T10:21:58","slug":"wracaja-chore-zawodniczki","status":"publish","type":"post","link":"https:\/\/skfks.pl\/?p=38716","title":{"rendered":"Wracaj\u0105 chore zawodniczki"},"content":{"rendered":"<p><strong>Od wtorku na treningach pojawi\u0105 si\u0119 chore zawodniczki: Paulina Pachurka i Jagoda Radzewicz.<\/strong><\/p>\n","protected":false},"excerpt":{"rendered":"<p>Od wtorku na treningach pojawi\u0105 si\u0119 chore zawodniczki: Paulina Pachurka i Jagoda Radzewicz.<\/p>\n","protected":false},"author":4,"featured_media":0,"comment_status":"closed","ping_status":"closed","sticky":false,"template":"","format":"standard","meta":{"ngg_post_thumbnail":0},"categories":[3,12,11,15],"tags":[],"_links":{"self":[{"href":"https:\/\/skfks.pl\/index.php?rest_route=\/wp\/v2\/posts\/38716"}],"collection":[{"href":"https:\/\/skfks.pl\/index.php?rest_route=\/wp\/v2\/posts"}],"about":[{"href":"https:\/\/skfks.pl\/index.php?rest_route=\/wp\/v2\/types\/post"}],"author":[{"embeddable":true,"href":"https:\/\/skfks.pl\/index.php?rest_route=\/wp\/v2\/users\/4"}],"replies":[{"embeddable":true,"href":"https:\/\/skfks.pl\/index.php?rest_route=%2Fwp%2Fv2%2Fcomments&post=38716"}],"version-history":[{"count":1,"href":"https:\/\/skfks.pl\/index.php?rest_route=\/wp\/v2\/posts\/38716\/revisions"}],"predecessor-version":[{"id":38718,"href":"https:\/\/skfks.pl\/index.php?rest_route=\/wp\/v2\/posts\/38716\/revisions\/38718"}],"wp:attachment":[{"href":"https:\/\/skfks.pl\/index.php?rest_route=%2Fwp%2Fv2%2Fmedia&parent=38716"}],"wp:term":[{"taxonomy":"category","embeddable":true,"href":"https:\/\/skfks.pl\/index.php?rest_route=%2Fwp%2Fv2%2Fcategories&post=38716"},{"taxonomy":"post_tag","embeddable":true,"href":"https:\/\/skfks.pl\/index.php?rest_route=%2Fwp%2Fv2%2Ftags&post=38716"}],"curies":[{"name":"wp","href":"https:\/\/api.w.org\/{rel}","templated":true}]}}