{"id":37587,"date":"2016-01-02T00:03:23","date_gmt":"2016-01-02T00:03:23","guid":{"rendered":"http:\/\/skfks.pl\/?p=37587"},"modified":"2016-01-01T17:37:40","modified_gmt":"2016-01-01T17:37:40","slug":"historia-skf-seria-iv-odcinek-1-start-sezonu","status":"publish","type":"post","link":"https:\/\/skfks.pl\/?p=37587","title":{"rendered":"Historia SKF Seria IV odcinek 1 &#8222;Start sezonu&#8221;"},"content":{"rendered":"<p><em>Sezon 2015\/2016 siatkarki rozpocz\u0119\u0142y od spotkania na w\u0142asnych obiektach w sierpniu.<\/em><\/p>\n<p><em>Po przerwie, kt\u00f3ra trwa\u0142a od ko\u0144ca czerwca zawodniczki stopniowo do\u0142\u0105cza\u0142ay do trening\u00f3w w gronie zespo\u0142u trzecioligowego.<\/em><\/p>\n<p><em>Pocz\u0105tek trening\u00f3w i to jeszcze nie w pe\u0142nym sk\u0142adzie to czas na zapoznanie si\u0119 ze stanem wyj\u015bciowym w jakim jeste\u015bmy &#8211; kadra uleg\u0142a zmianie, a nie wiadomo jak to wszystko po przerwie pouk\u0142ada\u0107 na w\u0142a\u015bciwe tory.<\/em><\/p>\n<p><em>To zadanie rozpoczynaj\u0105cego sw\u00f3j trzeci sezon w SKF trenera Zbigniewa Wo\u017aniaka, kt\u00f3ry w porozumieniu z Zarz\u0105dem Klubu nadzoruje dzia\u0142anie siatkarek trzecioligowych.<\/em><\/p>\n<p><em>Pocz\u0105tek trening\u00f3w wygl\u0105da obiecuj\u0105co i mo\u017cna zak\u0142ada\u0107, \u017ce jest ludzki materia\u0142, aby by\u0142o dobrze.<\/em><\/p>\n<p><em>Wszystko to potwierdza zgrupowanie w Wandowie kiedy mo\u017cemy trenowa\u0107 w pe\u0142nym sk\u0142adzie i integrowa\u0107 si\u0119. Coraz bardziej zbli\u017ca si\u0119 start sezonu ligowego, kt\u00f3ry w pierwszej cz\u0119\u015bci b\u0119dzie na pewno dla Nas bardzo udany, ale o tym mieli\u015bmy si\u0119 dopiero dowiedzie\u0107&#8230;<\/em><\/p>\n","protected":false},"excerpt":{"rendered":"<p>Sezon 2015\/2016 siatkarki rozpocz\u0119\u0142y od spotkania na w\u0142asnych obiektach w sierpniu. Po przerwie, kt\u00f3ra trwa\u0142a od ko\u0144ca czerwca zawodniczki stopniowo do\u0142\u0105cza\u0142ay do trening\u00f3w w gronie zespo\u0142u trzecioligowego. Pocz\u0105tek trening\u00f3w i to jeszcze nie w pe\u0142nym sk\u0142adzie to czas na zapoznanie si\u0119 ze stanem wyj\u015bciowym w jakim jeste\u015bmy &#8211; kadra uleg\u0142a zmianie, a nie wiadomo jak [&hellip;]<\/p>\n","protected":false},"author":4,"featured_media":0,"comment_status":"closed","ping_status":"closed","sticky":false,"template":"","format":"standard","meta":{"ngg_post_thumbnail":0},"categories":[3],"tags":[],"_links":{"self":[{"href":"https:\/\/skfks.pl\/index.php?rest_route=\/wp\/v2\/posts\/37587"}],"collection":[{"href":"https:\/\/skfks.pl\/index.php?rest_route=\/wp\/v2\/posts"}],"about":[{"href":"https:\/\/skfks.pl\/index.php?rest_route=\/wp\/v2\/types\/post"}],"author":[{"embeddable":true,"href":"https:\/\/skfks.pl\/index.php?rest_route=\/wp\/v2\/users\/4"}],"replies":[{"embeddable":true,"href":"https:\/\/skfks.pl\/index.php?rest_route=%2Fwp%2Fv2%2Fcomments&post=37587"}],"version-history":[{"count":1,"href":"https:\/\/skfks.pl\/index.php?rest_route=\/wp\/v2\/posts\/37587\/revisions"}],"predecessor-version":[{"id":37589,"href":"https:\/\/skfks.pl\/index.php?rest_route=\/wp\/v2\/posts\/37587\/revisions\/37589"}],"wp:attachment":[{"href":"https:\/\/skfks.pl\/index.php?rest_route=%2Fwp%2Fv2%2Fmedia&parent=37587"}],"wp:term":[{"taxonomy":"category","embeddable":true,"href":"https:\/\/skfks.pl\/index.php?rest_route=%2Fwp%2Fv2%2Fcategories&post=37587"},{"taxonomy":"post_tag","embeddable":true,"href":"https:\/\/skfks.pl\/index.php?rest_route=%2Fwp%2Fv2%2Ftags&post=37587"}],"curies":[{"name":"wp","href":"https:\/\/api.w.org\/{rel}","templated":true}]}}