{"id":37382,"date":"2015-12-23T00:14:34","date_gmt":"2015-12-23T00:14:34","guid":{"rendered":"http:\/\/skfks.pl\/?p=37382"},"modified":"2015-12-22T08:07:24","modified_gmt":"2015-12-22T08:07:24","slug":"skf-tv-pamietna-koncowka-we-wrzesnivideo","status":"publish","type":"post","link":"https:\/\/skfks.pl\/?p=37382","title":{"rendered":"SKF TV: Pami\u0119tna ko\u0144c\u00f3wka we Wrze\u015bni(video)"},"content":{"rendered":"<p>Materia\u0142 dost\u0119pny jest <a href=\"https:\/\/www.youtube.com\/watch?v=qwm5IiB_z-U\" target=\"_blank\">tutaj<\/a><\/p>\n","protected":false},"excerpt":{"rendered":"<p>Materia\u0142 dost\u0119pny jest tutaj<\/p>\n","protected":false},"author":4,"featured_media":0,"comment_status":"closed","ping_status":"closed","sticky":false,"template":"","format":"standard","meta":{"ngg_post_thumbnail":0},"categories":[3,12,11],"tags":[],"_links":{"self":[{"href":"https:\/\/skfks.pl\/index.php?rest_route=\/wp\/v2\/posts\/37382"}],"collection":[{"href":"https:\/\/skfks.pl\/index.php?rest_route=\/wp\/v2\/posts"}],"about":[{"href":"https:\/\/skfks.pl\/index.php?rest_route=\/wp\/v2\/types\/post"}],"author":[{"embeddable":true,"href":"https:\/\/skfks.pl\/index.php?rest_route=\/wp\/v2\/users\/4"}],"replies":[{"embeddable":true,"href":"https:\/\/skfks.pl\/index.php?rest_route=%2Fwp%2Fv2%2Fcomments&post=37382"}],"version-history":[{"count":1,"href":"https:\/\/skfks.pl\/index.php?rest_route=\/wp\/v2\/posts\/37382\/revisions"}],"predecessor-version":[{"id":37384,"href":"https:\/\/skfks.pl\/index.php?rest_route=\/wp\/v2\/posts\/37382\/revisions\/37384"}],"wp:attachment":[{"href":"https:\/\/skfks.pl\/index.php?rest_route=%2Fwp%2Fv2%2Fmedia&parent=37382"}],"wp:term":[{"taxonomy":"category","embeddable":true,"href":"https:\/\/skfks.pl\/index.php?rest_route=%2Fwp%2Fv2%2Fcategories&post=37382"},{"taxonomy":"post_tag","embeddable":true,"href":"https:\/\/skfks.pl\/index.php?rest_route=%2Fwp%2Fv2%2Ftags&post=37382"}],"curies":[{"name":"wp","href":"https:\/\/api.w.org\/{rel}","templated":true}]}}