{"id":37350,"date":"2015-12-22T07:49:00","date_gmt":"2015-12-22T07:49:00","guid":{"rendered":"http:\/\/skfks.pl\/?p=37350"},"modified":"2015-12-22T07:51:11","modified_gmt":"2015-12-22T07:51:11","slug":"joanna-przybylska-naszym-celem-sa-spotkania-barazowe-o-awans-do-ii-ligi-i-zrobimy-wszystko-aby-go-osiagnac-rozmowa-z-libero-skf-ks-poznan","status":"publish","type":"post","link":"https:\/\/skfks.pl\/?p=37350","title":{"rendered":"Joanna Przybylska: &#8222;Naszym celem s\u0105 spotkania bara\u017cowe o awans do II Ligi i zrobimy wszystko, aby go osi\u0105gn\u0105\u0107&#8221; &#8211; rozmowa z libero SKF KS Pozna\u0144"},"content":{"rendered":"<p><strong>Witaj. Jak obecnie wygl\u0105daj\u0105 wasze losy? Co s\u0142ycha\u0107 w zespole trzecioligowym?<\/strong><\/p>\n<p>Joanna Przybylska: <em>Witam, w zespole trzecioligowym wszystko dobrze, wi\u0119kszo\u015b\u0107 zawodniczek wr\u00f3ci\u0142a po kontuzjach z pocz\u0105tku sezonu, co sprawia, \u017ce mamy szerok\u0105 kadr\u0119 na ka\u017cdy mecz do dyspozycji. Na razie wszystko uk\u0142ada si\u0119 zgodnie z naszym planem, wygrywamy ka\u017cde kolejne mecze i jeste\u015bmy ju\u017c pewne gry w p\u00f3\u0142fina\u0142ach 3\u00a0Ligii co bardzo nas cieszy.<\/em><\/p>\n<p><strong>Jak wygl\u0105daj\u0105 Twoje wyst\u0119py na pozycji libero?<\/strong><\/p>\n<p>Joanna Przybylska:<em> Uwa\u017cam, \u017ce to nie moja rola, \u017ceby ocenia\u0107 w\u0142asne wyst\u0119py, wi\u0119c to pytanie powinno by\u0107 skierowane do Trenera, zawodniczek czy kibic\u00f3w. Ja zawsze daje z siebie wszystko i to my\u015bl\u0119, \u017ce nigdy si\u0119 to nie zmieni \ud83d\ude42<\/em><\/p>\n<p><strong>Jaka atmosfera panuje w Waszej grupie?<\/strong><\/p>\n<p>Joanna Przybylska: <em>W ka\u017cdym z wywiad\u00f3w to podkre\u015blam i tym razem te\u017c nie b\u0119d\u0119 oryginalna. Nasz\u0105 najwi\u0119ksz\u0105 si\u0142\u0105 jest to, \u017ce po pierwsze walczymy do ko\u0144ca, co czasem przysparza kibicom, trenerom i nam zawodniczkom palpitacji serca \ud83d\ude00 a po drugie, \u017ce bardzo si\u0119 lubimy. Wi\u0119kszo\u015b\u0107 z nas przyja\u017ani si\u0119 te\u017c poza boiskiem, co sprawia, \u017ce na nim jeszcze bardziej sobie ufamy, mo\u017cemy na sobie polega\u0107 i czerpa\u0107 jeszcze wi\u0119ksz\u0105 rado\u015b\u0107 z gry \ud83d\ude42<\/em><\/p>\n<p><strong>Ostatni przegrany w Poznaniu mecz i set 10 stycznia 2015 roku u siebie, bilans ko\u0144ca roku: 10 wygranych, 0 przegranych, 30:1 sety jak to brzmi dla Ciebie?<\/strong><\/p>\n<p>Joanna Przybylska<em>: Oczywi\u015bcie jeste\u015bmy bardzo zadowolone z osi\u0105gni\u0119tego rezultatu, pokazuje to, \u017ce nasza praca idzie w odpowiednim kierunku. Nie mo\u017cemy jednak zapomina\u0107, \u017ce przeciwniczki w tegorocznej 3 lidze nie s\u0105 tak wymagaj\u0105cym rywalem jak cho\u0107by zesp\u00f3\u0142 z Ko\u015bciana w\u00a0pami\u0119tnym i niestety\u00a0przegranym\u00a0finale\u00a0w styczniu tego roku. Tak,\u00a0jak powiedzia\u0142am cieszymy si\u0119 z ka\u017cdego wygranego meczu, ale doskonale zdajemy sobie spraw\u0119 z tego, \u017ce to co najwa\u017cniejsze i sportowo najtrudniejsze w tym sezonie jeszcze przed nami.<\/em><\/p>\n<p><strong>Jakie macie cele na dalsz\u0105 cz\u0119\u015b\u0107 sezonu?<\/strong><\/p>\n<p>Joanna Przybylska:<em> Teraz mamy troch\u0119 wolnego od ligowych meczy. My\u015bl\u0119, \u017ce b\u0119dzie to czas ci\u0119\u017ckich trening\u00f3w i poprawy ka\u017cdego z element\u00f3w naszej gry. Poza tym mam nadziej\u0119, \u017ce zagramy kilka sparing\u00f3w z mocniejszymi rywalami, co przygotuje nas do trudniejszych mecz\u00f3w w drugiej cz\u0119\u015bci sezonu, bo takie b\u0119dziemy mia\u0142y okazje rozegra\u0107 ju\u017c od marca w p\u00f3\u0142fina\u0142ach 3 ligii. Na razie skupiamy si\u0119 na kolejnych, najbli\u017cszych meczach, jednak my\u015bl\u0119, \u017ce ka\u017cda z nas gdzie\u015b ju\u017c teraz czeka na zmagania bara\u017cowe i walk\u0119 o awans do II ligii, bo z pewno\u015bci\u0105 taki jest nasz cel na ten sezon i zrobimy wszystko, by wsp\u00f3lnie go osi\u0105gn\u0105\u0107.<\/em><\/p>\n<p><strong>Jak przygotowujesz si\u0119 do i jak zamierzasz sp\u0119dzi\u0107 \u015awi\u0119ta?<\/strong><\/p>\n<p>Joanna Przybylska: <em>Na szcz\u0119\u015bcie prezentowe zakupy mam ju\u017c za sob\u0105 i teraz poza domowymi \u015bwi\u0105tecznymi obowi\u0105zkami mog\u0119 odpocz\u0105\u0107 i cieszy\u0107 si\u0119 kilkoma dniami wolnego w domu \ud83d\ude42<\/em><\/p>\n<p><strong>Czego nale\u017cy \u017cyczy\u0107 Ci na 2016 rok?<\/strong><\/p>\n<p>Joanna Przybylska:<em> Braku kontuzji i \u0142ez rado\u015bci po wywalczeniu upragnionego awansu do II ligi \ud83d\ude42<\/em><\/p>\n<p><strong>Tego w\u0142a\u015bnie zatem \u017cyczymy. Dzi\u0119kuj\u0119 za rozmow\u0119.<\/strong><\/p>\n<p><em>Wszystkim \u017cycz\u0119 zdrowych i spokojnych \u015awi\u0105t oraz szcz\u0119\u015bliwego Nowego Roku ! \ud83d\ude42<\/em><\/p>\n<p>&nbsp;<\/p>\n","protected":false},"excerpt":{"rendered":"<p>Witaj. Jak obecnie wygl\u0105daj\u0105 wasze losy? Co s\u0142ycha\u0107 w zespole trzecioligowym? Joanna Przybylska: Witam, w zespole trzecioligowym wszystko dobrze, wi\u0119kszo\u015b\u0107 zawodniczek wr\u00f3ci\u0142a po kontuzjach z pocz\u0105tku sezonu, co sprawia, \u017ce mamy szerok\u0105 kadr\u0119 na ka\u017cdy mecz do dyspozycji. Na razie wszystko uk\u0142ada si\u0119 zgodnie z naszym planem, wygrywamy ka\u017cde kolejne mecze i jeste\u015bmy ju\u017c pewne [&hellip;]<\/p>\n","protected":false},"author":4,"featured_media":0,"comment_status":"closed","ping_status":"closed","sticky":false,"template":"","format":"standard","meta":{"ngg_post_thumbnail":0},"categories":[3,12,11,19],"tags":[],"_links":{"self":[{"href":"https:\/\/skfks.pl\/index.php?rest_route=\/wp\/v2\/posts\/37350"}],"collection":[{"href":"https:\/\/skfks.pl\/index.php?rest_route=\/wp\/v2\/posts"}],"about":[{"href":"https:\/\/skfks.pl\/index.php?rest_route=\/wp\/v2\/types\/post"}],"author":[{"embeddable":true,"href":"https:\/\/skfks.pl\/index.php?rest_route=\/wp\/v2\/users\/4"}],"replies":[{"embeddable":true,"href":"https:\/\/skfks.pl\/index.php?rest_route=%2Fwp%2Fv2%2Fcomments&post=37350"}],"version-history":[{"count":3,"href":"https:\/\/skfks.pl\/index.php?rest_route=\/wp\/v2\/posts\/37350\/revisions"}],"predecessor-version":[{"id":37353,"href":"https:\/\/skfks.pl\/index.php?rest_route=\/wp\/v2\/posts\/37350\/revisions\/37353"}],"wp:attachment":[{"href":"https:\/\/skfks.pl\/index.php?rest_route=%2Fwp%2Fv2%2Fmedia&parent=37350"}],"wp:term":[{"taxonomy":"category","embeddable":true,"href":"https:\/\/skfks.pl\/index.php?rest_route=%2Fwp%2Fv2%2Fcategories&post=37350"},{"taxonomy":"post_tag","embeddable":true,"href":"https:\/\/skfks.pl\/index.php?rest_route=%2Fwp%2Fv2%2Ftags&post=37350"}],"curies":[{"name":"wp","href":"https:\/\/api.w.org\/{rel}","templated":true}]}}