{"id":36720,"date":"2015-11-27T09:43:54","date_gmt":"2015-11-27T09:43:54","guid":{"rendered":"http:\/\/skfks.pl\/?p=36720"},"modified":"2015-11-27T09:43:54","modified_gmt":"2015-11-27T09:43:54","slug":"siatkarski-weekend-skf-ks-poznan-komunikat","status":"publish","type":"post","link":"https:\/\/skfks.pl\/?p=36720","title":{"rendered":"Siatkarski weekend SKF KS Pozna\u0144 &#8211; komunikat"},"content":{"rendered":"<p><strong>W sobot\u0119<\/strong> zbi\u00f3rka zawodniczek przed spotkaniem trzecioligowym o godz. 17:45 na os. Czecha 59 w Poznaniu. Wej\u015bcie od strony boisk siatk\u00f3wki pla\u017cowej.<\/p>\n<p><strong>Wyjazd w Niedziel\u0119<\/strong> do Pi\u0142y odb\u0119dzie si\u0119 samochodami. Kierowcami b\u0119d\u0105: p. Ma\u0142gorzata Grudzi\u0144ska; p. Przemys\u0142aw Andrzejewski; p. Katarzyna Stachowska i Trener Damian Gapik.<\/p>\n<p><strong>Na wyjazd prosz\u0119 zabra\u0107 obowi\u0105zkowo: Legitymacj\u0119 Szkoln\u0105, Zgod\u0119 Rodzic\u00f3w na udzia\u0142 w zawodach (mo\u017ce by\u0107 wed\u0142ug za\u0142\u0105cznika na stronie) oraz 10 z\u0142 drobnych na obiad.<\/strong><\/p>\n<p>Miejsce zawod\u00f3w to Sala Sportowa Szko\u0142y Podstawowej nr 12, ul. Lelewela 14o w Pile. Godzina rozpocz\u0119cia zawod\u00f3w godz. 9:00 \u2013 odprawa techniczna przed zawodami godz. 8:15. Planowany powr\u00f3t ok. godz. 15-16.<\/p>\n<p>Podzia\u0142 Zawodniczek do poszczeg\u00f3lnych kierowc\u00f3w prezentujemy poni\u017cej:<\/p>\n<p><strong>p. Ma\u0142gorzata Grudzi\u0144ska<\/strong><\/p>\n<ul>\n<li>Julia Grudzi\u0144ska<\/li>\n<li>Dominika Grudzi\u0144ska<\/li>\n<li>Gabriela Klimek<\/li>\n<li>Aleksandra Choroma\u0144ska<\/li>\n<\/ul>\n<p><strong>p. Katarzyna Stachowska<\/strong><\/p>\n<ul>\n<li>Blanka Gierka<\/li>\n<li>Natalia Hetman<\/li>\n<li>Anastazja Wawrzyniak<\/li>\n<\/ul>\n<p><strong>p. Przemys\u0142aw Andrzejewski<\/strong><\/p>\n<ul>\n<li>Martyna Andrzejewska<\/li>\n<li>Aleskandra Wiza<\/li>\n<li>Milena Gulik<\/li>\n<li>Alicja Wiza<\/li>\n<\/ul>\n<p><strong>Trener Damian Gapik<\/strong><\/p>\n<ul>\n<li>Julia Ja\u015bkowiak<\/li>\n<li>Izabela Bestrzy\u0144ska<\/li>\n<li>Dominika \u0141opatka<\/li>\n<li>Dobrochna Graczyk<\/li>\n<\/ul>\n<p><strong><em>Prosz\u0119 rodzic\u00f3w uczestniczek o kontakt z kierowcami by jak najlepiej uzgodni\u0107 dla siebie miejsce zbi\u00f3rki. Wyjazd oko\u0142o godz. 6:30<\/em><\/strong><\/p>\n<p><strong><em><br \/>\n<\/em><\/strong><\/p>\n","protected":false},"excerpt":{"rendered":"<p>W sobot\u0119 zbi\u00f3rka zawodniczek przed spotkaniem trzecioligowym o godz. 17:45 na os. Czecha 59 w Poznaniu. Wej\u015bcie od strony boisk siatk\u00f3wki pla\u017cowej. Wyjazd w Niedziel\u0119 do Pi\u0142y odb\u0119dzie si\u0119 samochodami. Kierowcami b\u0119d\u0105: p. Ma\u0142gorzata Grudzi\u0144ska; p. Przemys\u0142aw Andrzejewski; p. Katarzyna Stachowska i Trener Damian Gapik. Na wyjazd prosz\u0119 zabra\u0107 obowi\u0105zkowo: Legitymacj\u0119 Szkoln\u0105, Zgod\u0119 Rodzic\u00f3w na [&hellip;]<\/p>\n","protected":false},"author":4,"featured_media":0,"comment_status":"closed","ping_status":"closed","sticky":false,"template":"","format":"standard","meta":{"ngg_post_thumbnail":0},"categories":[3,12,25,24,11],"tags":[],"_links":{"self":[{"href":"https:\/\/skfks.pl\/index.php?rest_route=\/wp\/v2\/posts\/36720"}],"collection":[{"href":"https:\/\/skfks.pl\/index.php?rest_route=\/wp\/v2\/posts"}],"about":[{"href":"https:\/\/skfks.pl\/index.php?rest_route=\/wp\/v2\/types\/post"}],"author":[{"embeddable":true,"href":"https:\/\/skfks.pl\/index.php?rest_route=\/wp\/v2\/users\/4"}],"replies":[{"embeddable":true,"href":"https:\/\/skfks.pl\/index.php?rest_route=%2Fwp%2Fv2%2Fcomments&post=36720"}],"version-history":[{"count":2,"href":"https:\/\/skfks.pl\/index.php?rest_route=\/wp\/v2\/posts\/36720\/revisions"}],"predecessor-version":[{"id":36723,"href":"https:\/\/skfks.pl\/index.php?rest_route=\/wp\/v2\/posts\/36720\/revisions\/36723"}],"wp:attachment":[{"href":"https:\/\/skfks.pl\/index.php?rest_route=%2Fwp%2Fv2%2Fmedia&parent=36720"}],"wp:term":[{"taxonomy":"category","embeddable":true,"href":"https:\/\/skfks.pl\/index.php?rest_route=%2Fwp%2Fv2%2Fcategories&post=36720"},{"taxonomy":"post_tag","embeddable":true,"href":"https:\/\/skfks.pl\/index.php?rest_route=%2Fwp%2Fv2%2Ftags&post=36720"}],"curies":[{"name":"wp","href":"https:\/\/api.w.org\/{rel}","templated":true}]}}