{"id":36654,"date":"2015-11-25T00:04:08","date_gmt":"2015-11-25T00:04:08","guid":{"rendered":"http:\/\/skfks.pl\/?p=36654"},"modified":"2015-11-25T11:37:55","modified_gmt":"2015-11-25T11:37:55","slug":"o-godz-1500-komunikat-klubu-w-sprawie-organizacji-spotkania-skf-orkan-wrzesnia","status":"publish","type":"post","link":"https:\/\/skfks.pl\/?p=36654","title":{"rendered":"Spotkanie SKF KS Pozna\u0144 &#8211; LUKS Orkan Wrze\u015bnia odb\u0119dzie si\u0119 w sobot\u0119 na os. Czecha"},"content":{"rendered":"<p><em>Na skutek zaj\u0119cia obiekt\u00f3w sportowych Politechniki Pozna\u0144skiej na potrzeby organziacji Og\u00f3lnopolskiego Fina\u0142u Mistrzostw Pierwszych Lat pod du\u017cym znakiem zapytania stan\u0119\u0142a organizacja spotkania pomi\u0119dzy naszym zespo\u0142em i Wrze\u015bni\u0105.<\/em><\/p>\n<p><em>Hala jest w\u0142asno\u015bci\u0105 uczelni i wiadomo, \u017ce impreza uczelniana zawsze b\u0119dzie mia\u0142a w niej pierwsze\u0144stwo.<\/em><\/p>\n<p><em>Podj\u0119li\u015bmy szereg dzia\u0142a\u0144 zmierzaj\u0105cych do rozegrania spotkania i mo\u017cemy ju\u017c oficjalnie poinformowa\u0107, \u017ce spotkanie odb\u0119dzie si\u0119 zgodnie z planem w sobot\u0119 <\/em><strong>28 listopada o godz. 19:00 w hali Zespo\u0142u Szk\u00f3\u0142 Og\u00f3lnokszta\u0142c\u0105cych nr 4 na os. Czecha w Poznaniu.<\/strong><\/p>\n<p><em>Wej\u015bcie dla kibic\u00f3w mo\u017cliwe b\u0119dzi\u0119 od strony boisk do siatk\u00f3wki pla\u017cowej w dniu spotkania od godz. <\/em><strong>18:30<\/strong><em>. <strong>Na terenie hali nie b\u0119dzie dost\u0119pu na balkon dla kibic\u00f3w. Osoby zapraszamy do siadania na dole wzd\u0142u\u017c boiska.<\/strong><\/em><\/p>\n<p><em>Rozegranie spotkania na terenie innej hali w Poznaniu ma charakter incydentalny i nie s\u0105 planowane takie rozwi\u0105zania w przysz\u0142o\u015bci.<\/em><\/p>\n<p><em>Cieszymy si\u0119, \u017ce spotkanie odb\u0119dzie si\u0119 w terminie i dzi\u0119kujemy wszystkim ,kt\u00f3rzy maj\u0105 pozytywny wp\u0142yw na ten fakt &#8211;<\/em><strong> powiedzia\u0142 Micha\u0142 Su\u0142kowski z Zarz\u0105du Klubu SKF KS Pozna\u0144.<\/strong><\/p>\n","protected":false},"excerpt":{"rendered":"<p>Na skutek zaj\u0119cia obiekt\u00f3w sportowych Politechniki Pozna\u0144skiej na potrzeby organziacji Og\u00f3lnopolskiego Fina\u0142u Mistrzostw Pierwszych Lat pod du\u017cym znakiem zapytania stan\u0119\u0142a organizacja spotkania pomi\u0119dzy naszym zespo\u0142em i Wrze\u015bni\u0105. Hala jest w\u0142asno\u015bci\u0105 uczelni i wiadomo, \u017ce impreza uczelniana zawsze b\u0119dzie mia\u0142a w niej pierwsze\u0144stwo. Podj\u0119li\u015bmy szereg dzia\u0142a\u0144 zmierzaj\u0105cych do rozegrania spotkania i mo\u017cemy ju\u017c oficjalnie poinformowa\u0107, \u017ce [&hellip;]<\/p>\n","protected":false},"author":4,"featured_media":0,"comment_status":"closed","ping_status":"closed","sticky":false,"template":"","format":"standard","meta":{"ngg_post_thumbnail":0},"categories":[3,12,11],"tags":[],"_links":{"self":[{"href":"https:\/\/skfks.pl\/index.php?rest_route=\/wp\/v2\/posts\/36654"}],"collection":[{"href":"https:\/\/skfks.pl\/index.php?rest_route=\/wp\/v2\/posts"}],"about":[{"href":"https:\/\/skfks.pl\/index.php?rest_route=\/wp\/v2\/types\/post"}],"author":[{"embeddable":true,"href":"https:\/\/skfks.pl\/index.php?rest_route=\/wp\/v2\/users\/4"}],"replies":[{"embeddable":true,"href":"https:\/\/skfks.pl\/index.php?rest_route=%2Fwp%2Fv2%2Fcomments&post=36654"}],"version-history":[{"count":3,"href":"https:\/\/skfks.pl\/index.php?rest_route=\/wp\/v2\/posts\/36654\/revisions"}],"predecessor-version":[{"id":36658,"href":"https:\/\/skfks.pl\/index.php?rest_route=\/wp\/v2\/posts\/36654\/revisions\/36658"}],"wp:attachment":[{"href":"https:\/\/skfks.pl\/index.php?rest_route=%2Fwp%2Fv2%2Fmedia&parent=36654"}],"wp:term":[{"taxonomy":"category","embeddable":true,"href":"https:\/\/skfks.pl\/index.php?rest_route=%2Fwp%2Fv2%2Fcategories&post=36654"},{"taxonomy":"post_tag","embeddable":true,"href":"https:\/\/skfks.pl\/index.php?rest_route=%2Fwp%2Fv2%2Ftags&post=36654"}],"curies":[{"name":"wp","href":"https:\/\/api.w.org\/{rel}","templated":true}]}}