{"id":36466,"date":"2015-11-16T22:48:33","date_gmt":"2015-11-16T22:48:33","guid":{"rendered":"http:\/\/skfks.pl\/?p=36466"},"modified":"2015-11-17T12:32:12","modified_gmt":"2015-11-17T12:32:12","slug":"zwycieska-batalia-indeco-poznan-fc-dziennikarski-debiut-pawla-lisieckiego","status":"publish","type":"post","link":"https:\/\/skfks.pl\/?p=36466","title":{"rendered":"Zwyci\u0119ska batalia Indeco Pozna\u0144 FC! Dziennikarski debiut Indeco Pozna\u0144"},"content":{"rendered":"<p><span style=\"font-size: small;\">Jedenasta i zarazem ostatnia jesieni\u0105 kolejka rozgrywek pozna\u0144skiej klasy B grupy I by\u0142a dla Indeco Pozna\u0144 FC bardzo wa\u017cna w kontek\u015bcie walki o awans do A klasy w przysz\u0142ym roku. Pozna\u0144ski klub aby zachowa\u0107 kontakt z czo\u0142\u00f3wk\u0105 ligi musia\u0142 pokona\u0107 go\u015bci czyli swarz\u0119dzkiego Meblorza. <\/span><\/p>\n<p><span style=\"font-size: small;\">Indeco PFC zanotowa\u0142 wymarzony start \u2013 ju\u017c w sz\u00f3stej minucie meczu po \u0142adnym podaniu z lewej strony boiska sytuacj\u0119 sam na sam wykorzysta\u0142 pomocnik Adrian Sikora.  Z minuty na minut\u0119  mecz nabiera\u0142 rumie\u0144c\u00f3w, poniewa\u017c obie dru\u017cyny skupi\u0142y sie g\u0142\u00f3wnie na dzia\u0142aniach ofensywnych. Niestety znakomita cz\u0119\u015b\u0107 sytuacji podbramkowych ko\u0144czy\u0142a si\u0119 strza\u0142ami obok bramki albo wprost w bramkarza. Impas uda\u0142o si\u0119 na szcz\u0119\u015bcie przerwa\u0107 w okolicach 70. minuty gry, kiedy po zespo\u0142owej akcji wynik na 2:0 dla PFC ustali\u0142 pi\u0119knym strza\u0142em pod poprzeczk\u0119 Przemys\u0142aw Grycman.<\/span><\/p>\n<p><a name=\"_GoBack\"><\/a><span style=\"font-size: small;\">Licznie przybyli na stadion i \u017cywio\u0142owo dopinguj\u0105cy kibice Meblorza musieli obej\u015b\u0107 si\u0119  smakiem. Dru\u017cyna gospodarzy zagra\u0142a bardzo dobre spotkanie i zmniejszy\u0142a dystans dziel\u0105cy obydwa zespo\u0142y do jednego punktu. Wiosna w B klasie zapowiada si\u0119 naprawd\u0119 emocjonuj\u0105co, poniewa\u017c a\u017c dziesi\u0119\u0107 zespo\u0142\u00f3w z jedenastu wyst\u0119puj\u0105cych w lidze ma realne szanse na awans.<\/span><\/p>\n<p><strong><span style=\"font-size: small;\">Indeco Pozna\u0144 FC \u2013 Meblorz Swarz\u0119dz 2:0 (1:0), boisko przy al. Armii Pozna\u0144<\/span><\/strong><\/p>\n<p><strong><span style=\"font-size: small;\">Bramki:<\/span><\/strong><\/p>\n<p><span style=\"font-size: small;\">6\u2019 Adrian Sikora (PFC)<\/span><\/p>\n<p><span style=\"font-size: small;\">70\u2019 Przemys\u0142aw Grycman (PFC)<\/span><\/p>\n<p><strong><span style=\"font-size: small;\">Wyniki 11 kolejki rozgrywek B klasy, grupy I<\/span><\/strong><\/p>\n<p><span style=\"color: #000000;\"><span style=\"font-size: small;\">KSGB Manieczki<\/span><\/span><span style=\"color: #000000;\"><span style=\"font-size: small;\"> <\/span><\/span><span style=\"color: #000000;\"><span style=\"font-size: small;\">1-2<\/span><\/span><span style=\"color: #000000;\"><span style=\"font-size: small;\"> <\/span><\/span><span style=\"color: #000000;\"><span style=\"font-size: small;\">Antares Zalasewo<\/span><\/span><\/p>\n<p><span style=\"color: #000000;\"><span style=\"font-size: small;\">K\u0142os II Zaniemy\u015bl<\/span><\/span><span style=\"color: #000000;\"><span style=\"font-size: small;\"> <\/span><\/span><span style=\"color: #000000;\"><span style=\"font-size: small;\">0-3<\/span><\/span><span style=\"color: #000000;\"><span style=\"font-size: small;\"> <\/span><\/span><span style=\"color: #000000;\"><span style=\"font-size: small;\">Fara Pelikan \u017bydowo<\/span><\/span><span style=\"color: #000000;\"><span style=\"font-size: small;\"> <\/span><\/span><\/p>\n<p><span style=\"color: #000000;\"><span style=\"font-size: small;\">Pozna\u0144 FC<\/span><\/span><span style=\"color: #000000;\"><span style=\"font-size: small;\"> <\/span><\/span><span style=\"color: #000000;\"><span style=\"font-size: small;\">2-0<\/span><\/span><span style=\"color: #000000;\"><span style=\"font-size: small;\"> <\/span><\/span><span style=\"color: #000000;\"><span style=\"font-size: small;\">Meblorz Swarz\u0119dz<\/span><\/span><span style=\"color: #000000;\"><span style=\"font-size: small;\"> <\/span><\/span><\/p>\n<p><span style=\"color: #000000;\"><span style=\"font-size: small;\">Warta II \u015arem<\/span><\/span><span style=\"color: #000000;\"><span style=\"font-size: small;\"> <\/span><\/span><span style=\"color: #000000;\"><span style=\"font-size: small;\">1-2<\/span><\/span><span style=\"color: #000000;\"><span style=\"font-size: small;\"> <\/span><\/span><span style=\"color: #000000;\"><span style=\"font-size: small;\">We\u0142nianka Kiszkowo<\/span><\/span><span style=\"color: #000000;\"><span style=\"font-size: small;\"> <\/span><\/span><\/p>\n<p><span style=\"color: #000000;\"><span style=\"font-size: small;\">KS Szczytniki<\/span><\/span><span style=\"color: #000000;\"><span style=\"font-size: small;\"> <\/span><\/span><span style=\"color: #000000;\"><span style=\"font-size: small;\">8-3<\/span><\/span><span style=\"color: #000000;\"><span style=\"font-size: small;\"> <\/span><\/span><span style=\"color: #000000;\"><span style=\"font-size: small;\">Avia II Kamionki<\/span><\/span><span style=\"color: #000000;\"><span style=\"font-size: small;\"> <\/span><\/span><\/p>\n<p><em><span style=\"color: #000000;\"><span style=\"font-size: small;\"><span style=\"text-decoration: underline;\">Pauza:<\/span><\/span><\/span><span style=\"color: #000000;\"><span style=\"font-size: small;\"> GKS Gu\u0142towy.<\/span><\/span><\/em><\/p>\n<p><em><span style=\"color: #000000;\"><span style=\"font-size: small;\">autor: Pawe\u0142 Lisiecki<\/span><\/span><\/em><\/p>\n<p>&nbsp;<\/p>\n","protected":false},"excerpt":{"rendered":"<p>Jedenasta i zarazem ostatnia jesieni\u0105 kolejka rozgrywek pozna\u0144skiej klasy B grupy I by\u0142a dla Indeco Pozna\u0144 FC bardzo wa\u017cna w kontek\u015bcie walki o awans do A klasy w przysz\u0142ym roku. Pozna\u0144ski klub aby zachowa\u0107 kontakt z czo\u0142\u00f3wk\u0105 ligi musia\u0142 pokona\u0107 go\u015bci czyli swarz\u0119dzkiego Meblorza. Indeco PFC zanotowa\u0142 wymarzony start \u2013 ju\u017c w sz\u00f3stej minucie meczu [&hellip;]<\/p>\n","protected":false},"author":4,"featured_media":0,"comment_status":"closed","ping_status":"closed","sticky":false,"template":"","format":"standard","meta":{"ngg_post_thumbnail":0},"categories":[3,22],"tags":[],"_links":{"self":[{"href":"https:\/\/skfks.pl\/index.php?rest_route=\/wp\/v2\/posts\/36466"}],"collection":[{"href":"https:\/\/skfks.pl\/index.php?rest_route=\/wp\/v2\/posts"}],"about":[{"href":"https:\/\/skfks.pl\/index.php?rest_route=\/wp\/v2\/types\/post"}],"author":[{"embeddable":true,"href":"https:\/\/skfks.pl\/index.php?rest_route=\/wp\/v2\/users\/4"}],"replies":[{"embeddable":true,"href":"https:\/\/skfks.pl\/index.php?rest_route=%2Fwp%2Fv2%2Fcomments&post=36466"}],"version-history":[{"count":3,"href":"https:\/\/skfks.pl\/index.php?rest_route=\/wp\/v2\/posts\/36466\/revisions"}],"predecessor-version":[{"id":36471,"href":"https:\/\/skfks.pl\/index.php?rest_route=\/wp\/v2\/posts\/36466\/revisions\/36471"}],"wp:attachment":[{"href":"https:\/\/skfks.pl\/index.php?rest_route=%2Fwp%2Fv2%2Fmedia&parent=36466"}],"wp:term":[{"taxonomy":"category","embeddable":true,"href":"https:\/\/skfks.pl\/index.php?rest_route=%2Fwp%2Fv2%2Fcategories&post=36466"},{"taxonomy":"post_tag","embeddable":true,"href":"https:\/\/skfks.pl\/index.php?rest_route=%2Fwp%2Fv2%2Ftags&post=36466"}],"curies":[{"name":"wp","href":"https:\/\/api.w.org\/{rel}","templated":true}]}}