{"id":34588,"date":"2015-09-04T00:00:58","date_gmt":"2015-09-04T00:00:58","guid":{"rendered":"http:\/\/skfks.pl\/?p=34588"},"modified":"2015-09-03T19:59:51","modified_gmt":"2015-09-03T19:59:51","slug":"posiedzenie-zarzadu-klubu-za-nami-2","status":"publish","type":"post","link":"https:\/\/skfks.pl\/?p=34588","title":{"rendered":"Posiedzenie Zarz\u0105du Klubu za Nami"},"content":{"rendered":"<p><strong>Wczoraj odby\u0142o si\u0119 posiedzenie Zarz\u0105du Klubu SKF KS Pozna\u0144.<\/strong><\/p>\n","protected":false},"excerpt":{"rendered":"<p>Wczoraj odby\u0142o si\u0119 posiedzenie Zarz\u0105du Klubu SKF KS Pozna\u0144.<\/p>\n","protected":false},"author":4,"featured_media":0,"comment_status":"closed","ping_status":"closed","sticky":false,"template":"","format":"standard","meta":{"ngg_post_thumbnail":0},"categories":[3,17],"tags":[],"_links":{"self":[{"href":"https:\/\/skfks.pl\/index.php?rest_route=\/wp\/v2\/posts\/34588"}],"collection":[{"href":"https:\/\/skfks.pl\/index.php?rest_route=\/wp\/v2\/posts"}],"about":[{"href":"https:\/\/skfks.pl\/index.php?rest_route=\/wp\/v2\/types\/post"}],"author":[{"embeddable":true,"href":"https:\/\/skfks.pl\/index.php?rest_route=\/wp\/v2\/users\/4"}],"replies":[{"embeddable":true,"href":"https:\/\/skfks.pl\/index.php?rest_route=%2Fwp%2Fv2%2Fcomments&post=34588"}],"version-history":[{"count":1,"href":"https:\/\/skfks.pl\/index.php?rest_route=\/wp\/v2\/posts\/34588\/revisions"}],"predecessor-version":[{"id":34590,"href":"https:\/\/skfks.pl\/index.php?rest_route=\/wp\/v2\/posts\/34588\/revisions\/34590"}],"wp:attachment":[{"href":"https:\/\/skfks.pl\/index.php?rest_route=%2Fwp%2Fv2%2Fmedia&parent=34588"}],"wp:term":[{"taxonomy":"category","embeddable":true,"href":"https:\/\/skfks.pl\/index.php?rest_route=%2Fwp%2Fv2%2Fcategories&post=34588"},{"taxonomy":"post_tag","embeddable":true,"href":"https:\/\/skfks.pl\/index.php?rest_route=%2Fwp%2Fv2%2Ftags&post=34588"}],"curies":[{"name":"wp","href":"https:\/\/api.w.org\/{rel}","templated":true}]}}