{"id":18718,"date":"2013-06-29T14:28:43","date_gmt":"2013-06-29T14:28:43","guid":{"rendered":"http:\/\/skfks.pl\/?p=18718"},"modified":"2013-06-29T16:08:04","modified_gmt":"2013-06-29T16:08:04","slug":"michal-sulkowski-udalo-nam-sie-pchnac-kilka-waznych-spraw-do-przodu","status":"publish","type":"post","link":"https:\/\/skfks.pl\/?p=18718","title":{"rendered":"Micha\u0142 Su\u0142kowski: &#8222;Uda\u0142o nam si\u0119 pchn\u0105\u0107 kilka wa\u017cnych spraw do przodu&#8221;"},"content":{"rendered":"<p><strong>Witam. Min\u0105\u0142 bardzo wa\u017cny miesi\u0105c dla klubu SKF KS Pozna\u0144. Co uda\u0142o si\u0119 zmieni\u0107 od naszej ostatniej rozmowy?<\/strong><\/p>\n<p>Micha\u0142 Su\u0142kowski: <em>Witam serdecznie. Istotnie tak jak zapowiada\u0142em uda\u0142o nam si\u0119 pchn\u0105\u0107 kilka wa\u017cnych spraw do przodu. <\/em><\/p>\n<p><strong>Co konkretnie uda\u0142o si\u0119 zmieni\u0107?<\/strong><\/p>\n<p>M.S: <em>Uda\u0142o nam si\u0119 uporz\u0105dkowa\u0107 sprawy organizacyjno &#8211; finansowe dzi\u0119ki, czemu zako\u0144czyli\u015bmy sezon 2012\/2013 w tym dziale. Odby\u0142y si\u0119 spotkania z zawodniczkami na temat zasad funkcjonowania klubu w kolejnym sezonie. W grupach m\u0142odszych w spotkaniach brali udzia\u0142 rodzice zawodniczek, kt\u00f3rzy aktywnie w\u0142\u0105czyli si\u0119 w planowany rozw\u00f3j sekcji m\u0142odziczek.\u00a0Ustalili\u015bmy r\u00f3wnie\u017c, \u017ce w kolejnym sezonie osob\u0105 odpowiedzialn\u0105 za obs\u0142ug\u0119 techniczn\u0105 spotka\u0144 ligowych b\u0119dzie dalej Zbigniew Terepka. Za spraw\u0119 zabezpieczenia medycznego odpowiada\u0107 b\u0119dzie Marcin Jankowiak. W kolejnym sezonie dalej b\u0119dziemy wsp\u00f3\u0142pracowa\u0107 z firm\u0105 Fox-Travel w zakresie transportu dla zawodniczek. Aktywnie przygotowujemy si\u0119 do kolejnej edycji turnieju Otwarcia Sezonu, kt\u00f3ra pod patronatem Prezydenta Miasta Poznania odb\u0119dzie si\u0119 u nas we wrze\u015bniu. B\u0119d\u0105 r\u00f3wnie\u017c turnieje m\u0142odzie\u017cowe na pocz\u0105tek sezonu ligowego. Przygotowujemy r\u00f3wnie\u017c imienne zg\u0142oszenie do rozgrywek WZPS, a ju\u017c dokonali\u015bmy zg\u0142oszenia zespo\u0142\u00f3w. Pomimo przerwy w rozgrywkach w klubie wci\u0105\u017c dzieje si\u0119 bardzo du\u017co. Normujemy kszta\u0142t grup m\u0142odzie\u017cowych, kt\u00f3ry jest ju\u017c w ponad 90 procentach gotowy. Krystalizuje si\u0119 sytuacja w zespole trzecioligowym. Mimo przerwy mamy co robi\u0107. W sezonie 2013\/2014 naszym meczowym domem b\u0119dzie dalej hala CS Politechniki Pozna\u0144skiej. Pracujemy nad pozyskaniem nowych sponsor\u00f3w oraz liczymy i pracujemy nad pozyskaniem nowych siatkarek.<\/em><\/p>\n<p><strong>Jakie zmiany kadrowe nast\u0105pi\u0105 w zespole trzecioligowym przed nowym sezonem?<\/strong><\/p>\n<p>M.S: <em>Zesp\u00f3\u0142 opu\u015bci\u0142a ju\u017c Beata Kucharska. W trakcie sezonu podzi\u0119kowali\u015bmy Weronice Nitek. Niestety zako\u0144czona zosta\u0142a wsp\u00f3\u0142praca z Marysi\u0105 Wengierek, ale tutaj mo\u017ce si\u0119 co\u015b jeszcze zmieni\u0107. W trakcie sezonu uby\u0142a Katarzyna Walczak. Do\u015b\u0107 niespodziewanie zesp\u00f3\u0142 opu\u015bci\u0142a Katarzyna Ciorga. To s\u0105 zmiany w zakresie os\u00f3b, kt\u00f3re odesz\u0142y z zespo\u0142u. Uby\u0107 mo\u017ce jeszcze kapitan zespo\u0142u Zofia Barwicka, ale miejmy nadziej\u0119, \u017ce do tego nie dojdzie. By\u0107 mo\u017ce przerwa czeka\u0107 b\u0119dzie Angelik\u0119 Halczak, ale miejmy nadziej\u0119, \u017ce u\u0142o\u017cy si\u0119 jej pozytywnie. Na razie przyby\u0142a do nas Magdalena Ma\u0107kowiak, a co do innych os\u00f3b to mog\u0119 powiedzie\u0107, \u017ce pracujemy nad kilkoma nazwiskami, ale nie zamierzam ujawnia\u0107 szczeg\u00f3\u0142\u00f3w na tym etapie. Je\u015bli uda si\u0119 nam zamkn\u0105\u0107 sprawy pozytywnie to o nich powiemy.<\/em><\/p>\n<p><em><\/em><strong>Szykujecie si\u0119 do obozu letniego. Jak wygl\u0105da ten zakres dzia\u0142a\u0144?<\/strong><\/p>\n<p><strong><\/strong>M.S: <em>Organizacyjnie jeste\u015bmy ju\u017c w ponad 90 procentach gotowi. W zakresie szkoleniowym powinni wypowiada\u0107 si\u0119 jednak trenerzy.<\/em><\/p>\n<p><em><\/em><strong>Czy przed kolejnym sezonem planowane s\u0105 zmiany w sztabie szkoleniowym?<\/strong><\/p>\n<p><strong><\/strong>M.S: <em>Tak zak\u0142adamy, \u017ce zostanie on rozszerzony. Ju\u017c w trakcie sezonu do duetu Gapik i Kieslich do\u0142\u0105czy\u0142 Artur B\u0105k, kt\u00f3rego wprowadzamy stopniowo i to si\u0119 sprawdza, bo praca tego trenera przynosi dobre efekty. W zakresie pionu szkolenia ma pojawi\u0107 si\u0119 Bart\u0142omiej Char\u0119za, a je\u017celi wszystko p\u00f3jdzie jak zak\u0142adamy to b\u0119dzie pi\u0105ta osoba. Jednak czas, kt\u00f3ry w dzia\u0142a w tej sprawie na nasz\u0105 korzy\u015b\u0107 sprawi, \u017ce zaprezentujemy t\u0105 osob\u0119 w odpowiednim momencie.<\/em><\/p>\n<p><em><\/em><strong>Czego oczekujesz po grze sekcji m\u0142odzie\u017cowych w sezonie 2013\/2014?<\/strong><\/p>\n<p><strong><\/strong>M.S: <em>Grupy m\u0142odzie\u017cowe maj\u0105 si\u0119 przede wszystkim systematycznie rozwija\u0107.\u00a0\u00a0Nie ma si\u0119 co oszukiwa\u0107, \u017ce w poprzednim sezonie zawiod\u0142y kadetki i tu liczymy na du\u017cy progres, bo powt\u00f3rzenie wyniku z poprzedniego sezonu b\u0119dzie kl\u0119sk\u0105. Grupa m\u0142odziczek niemal\u017ce ruszy w swoj\u0105 przygod\u0119 od podstaw i tu mierzmy przede wszystkim w rozw\u00f3j zawodniczek. W grupie mini siatkarek licz\u0119 na zwi\u0119kszenie ilo\u015bci zawodniczek i ich du\u017co wi\u0119ksz\u0105 ilo\u015b\u0107 start\u00f3w w turniejach co z pewno\u015bci\u0105 da efekt na p\u00f3\u017aniejszym etapie. Zespo\u0142y m\u0142odzie\u017cowe s\u0105 dla nas bardzo wa\u017cne i do\u0142o\u017cymy wszelkich stara\u0144, aby stworzy\u0107 im szans\u0119 dalszego rozwoju.<\/em><\/p>\n<p><strong>III liga &#8211; najbardziej reprezentatywna sekcja klubu. Jak\u0105 masz jej wizj\u0119 w nowym sezonie?<\/strong><\/p>\n<p>M.S: <em>Istotnie nasze istnienie rozpocz\u0119\u0142o si\u0119 od sekcji trzecioligowej. W minionym sezonie utrzymali\u015bmy si\u0119 w lidze bez bara\u017c\u00f3w po fantastycznej ko\u0144c\u00f3wce sezonu. Jednak w \u00a0trakcie sezonu mieli\u015bmy problemy. W okresie przerwy ligowej szwankowa\u0142a frekwencja i to jest na pewno do poprawy w nowym sezonie. Siatkarki z tej grupy mia\u0142y r\u00f3wnie\u017c problemy innej natury, ale miejmy nadziej\u0119, \u017ce w kolejnym sezonie w du\u017cej mierze ich unikniemy.Sekcja trzecioligowa jest dla nas istotna. Przygl\u0105dam si\u0119 jej dzia\u0142alno\u015bci z uwag\u0105. W nowym sezonie? fajnie by\u0142oby jakby\u015bmy powalczyli o miejsca wy\u017csze od zaj\u0119tego w tym sezonie. Cel minimum to miejsce daj\u0105ce utrzymanie bez gry w bara\u017cach. Licz\u0119, \u017ce pod wzgl\u0119dem poza boiskowym wiele rzeczy b\u0119dzie przebiega\u0142o lepiej, ni\u017c w tym sezonie. Wierz\u0119 w ten zesp\u00f3\u0142 i wiem, \u017ce dziewczyny sta\u0107 na dobre wyniki, a w d\u0105\u017ceniu do nich mog\u0105 liczy\u0107 na nasz\u0105 pomoc. Fajnie by\u0142oby jakby\u015bmy zdobyli w Poznaniu medal na turnieju otwarcia sezonu we wrze\u015bniu.<\/em><\/p>\n<p><strong>Dzi\u0119kuj\u0119 za rozmow\u0119. \u017bycz\u0119 dalszych pozytywnych dzia\u0142a\u0144 w przygotowaniach i przebiegu sezonu.<\/strong><\/p>\n<p><em>Dzi\u0119kuj\u0119<\/em><\/p>\n<p><strong>Rozmawia\u0142a Angelika Kalwowicz<\/strong><\/p>\n","protected":false},"excerpt":{"rendered":"<p>Witam. Min\u0105\u0142 bardzo wa\u017cny miesi\u0105c dla klubu SKF KS Pozna\u0144. Co uda\u0142o si\u0119 zmieni\u0107 od naszej ostatniej rozmowy? Micha\u0142 Su\u0142kowski: Witam serdecznie. Istotnie tak jak zapowiada\u0142em uda\u0142o nam si\u0119 pchn\u0105\u0107 kilka wa\u017cnych spraw do przodu. Co konkretnie uda\u0142o si\u0119 zmieni\u0107? M.S: Uda\u0142o nam si\u0119 uporz\u0105dkowa\u0107 sprawy organizacyjno &#8211; finansowe dzi\u0119ki, czemu zako\u0144czyli\u015bmy sezon 2012\/2013 w [&hellip;]<\/p>\n","protected":false},"author":1,"featured_media":0,"comment_status":"closed","ping_status":"closed","sticky":false,"template":"","format":"standard","meta":{"ngg_post_thumbnail":0},"categories":[3,19],"tags":[],"_links":{"self":[{"href":"https:\/\/skfks.pl\/index.php?rest_route=\/wp\/v2\/posts\/18718"}],"collection":[{"href":"https:\/\/skfks.pl\/index.php?rest_route=\/wp\/v2\/posts"}],"about":[{"href":"https:\/\/skfks.pl\/index.php?rest_route=\/wp\/v2\/types\/post"}],"author":[{"embeddable":true,"href":"https:\/\/skfks.pl\/index.php?rest_route=\/wp\/v2\/users\/1"}],"replies":[{"embeddable":true,"href":"https:\/\/skfks.pl\/index.php?rest_route=%2Fwp%2Fv2%2Fcomments&post=18718"}],"version-history":[{"count":2,"href":"https:\/\/skfks.pl\/index.php?rest_route=\/wp\/v2\/posts\/18718\/revisions"}],"predecessor-version":[{"id":18721,"href":"https:\/\/skfks.pl\/index.php?rest_route=\/wp\/v2\/posts\/18718\/revisions\/18721"}],"wp:attachment":[{"href":"https:\/\/skfks.pl\/index.php?rest_route=%2Fwp%2Fv2%2Fmedia&parent=18718"}],"wp:term":[{"taxonomy":"category","embeddable":true,"href":"https:\/\/skfks.pl\/index.php?rest_route=%2Fwp%2Fv2%2Fcategories&post=18718"},{"taxonomy":"post_tag","embeddable":true,"href":"https:\/\/skfks.pl\/index.php?rest_route=%2Fwp%2Fv2%2Ftags&post=18718"}],"curies":[{"name":"wp","href":"https:\/\/api.w.org\/{rel}","templated":true}]}}