{"id":18654,"date":"2013-06-27T18:19:45","date_gmt":"2013-06-27T18:19:45","guid":{"rendered":"http:\/\/skfks.pl\/?p=18654"},"modified":"2013-06-27T18:19:45","modified_gmt":"2013-06-27T18:19:45","slug":"podstawowe-informacje-na-temat-sezonu-20132014","status":"publish","type":"post","link":"https:\/\/skfks.pl\/?p=18654","title":{"rendered":"Podstawowe informacje na temat sezonu 2013\/2014"},"content":{"rendered":"<p><strong>Prezes Klubu: <\/strong>Damian Gapik<\/p>\n<p><strong>Trenerzy: <\/strong>Damian Gapik, Wojciech Kieslich, Artur B\u0105k, Bart\u0142omiej Char\u0119za, &#8230;<\/p>\n<p><strong>Kierownik sekcji(plus sprawy organizacyjno-finansowe) oraz zgrupowa\u0144 sportowych: <\/strong>Micha\u0142 Su\u0142kowski<\/p>\n<p><strong>Obiekty treningowe: <\/strong>SP 85 Pozna\u0144 ul. Tomickiego 16<\/p>\n<p>Hala CS Politechniki Pozna\u0144skiej przy ul. Jana Paw\u0142a II nr 28 w Poznaniu<\/p>\n<p><strong>Spotkania ligowe: <\/strong><\/p>\n<p><strong>III Liga &#8211; <\/strong>u siebie w soboty o godz. 18:00(zgodnie z terminarzem WZPS Pozna\u0144)<\/p>\n<p><strong>Kadetki &#8211; <\/strong>u siebie w niedziel\u0119 o godz. 10:00(zgodnie z terminarzem WZPS Pozna\u0144)<\/p>\n<p><strong>M\u0142odziczki &#8211; <\/strong>u siebie w soboty o godz. 13:30(zgodnie z terminarzem WZPS Pozna\u0144)<\/p>\n<p><strong>Wszystkie spotkania domowe siatkarki SKF KS Pozna\u0144 rozgrywa\u0107 b\u0119d\u0105 w hali CS Politechniki Pozna\u0144skiej przy ul. Jana Paw\u0142a II 28.<\/strong><\/p>\n<p>Zg\u0142oszony zosta\u0142 r\u00f3wnie\u017c obiekt rezerwowy przy ul. Nieszawskiej 21 w Poznaniu.<\/p>\n<p><strong>Ratownik medyczny &#8211; <\/strong>Marcin Jankowiak<\/p>\n<p><strong>Obs\u0142uga techniczna spotka\u0144 &#8211; <\/strong>Zbigniew Terepka<\/p>\n<p><strong>Zgrupowanie zimowe: bez udzia\u0142u studentek(ze wzgl\u0119du na sesj\u0119) <\/strong>w drugim tygodniu ferii zimowych w okresie poniedzia\u0142ek-pi\u0105tek<\/p>\n<p><strong>Sponsorzy sekcji trzecioligowej: <\/strong>Urz\u0105d Miasta Poznania, Apteka Viola, Fox-Travel, Micha\u0142 Su\u0142kowski, DJ Sport<\/p>\n<p><strong>Dzia\u0142alno\u015b\u0107 sekcji m\u0142odzie\u017cowych wspiera Urz\u0105d Miasta Poznania<\/strong><\/p>\n<p><strong>Wigilia Klubowa &#8211; <\/strong>20 grudnia<\/p>\n<p><strong>Spiker zawod\u00f3w &#8211; <\/strong>Micha\u0142 Su\u0142kowski<\/p>\n<p><strong>Na dzie\u0144 27 Czerwca 2013 roku klub nie posiada zad\u0142u\u017cenia wobec jakichkolwiek podmiot\u00f3w<\/strong><\/p>\n<p>&nbsp;<\/p>\n<p>&nbsp;<\/p>\n","protected":false},"excerpt":{"rendered":"<p>Prezes Klubu: Damian Gapik Trenerzy: Damian Gapik, Wojciech Kieslich, Artur B\u0105k, Bart\u0142omiej Char\u0119za, &#8230; Kierownik sekcji(plus sprawy organizacyjno-finansowe) oraz zgrupowa\u0144 sportowych: Micha\u0142 Su\u0142kowski Obiekty treningowe: SP 85 Pozna\u0144 ul. Tomickiego 16 Hala CS Politechniki Pozna\u0144skiej przy ul. Jana Paw\u0142a II nr 28 w Poznaniu Spotkania ligowe: III Liga &#8211; u siebie w soboty o godz. [&hellip;]<\/p>\n","protected":false},"author":1,"featured_media":0,"comment_status":"closed","ping_status":"closed","sticky":false,"template":"","format":"standard","meta":{"ngg_post_thumbnail":0},"categories":[3,17],"tags":[],"_links":{"self":[{"href":"https:\/\/skfks.pl\/index.php?rest_route=\/wp\/v2\/posts\/18654"}],"collection":[{"href":"https:\/\/skfks.pl\/index.php?rest_route=\/wp\/v2\/posts"}],"about":[{"href":"https:\/\/skfks.pl\/index.php?rest_route=\/wp\/v2\/types\/post"}],"author":[{"embeddable":true,"href":"https:\/\/skfks.pl\/index.php?rest_route=\/wp\/v2\/users\/1"}],"replies":[{"embeddable":true,"href":"https:\/\/skfks.pl\/index.php?rest_route=%2Fwp%2Fv2%2Fcomments&post=18654"}],"version-history":[{"count":1,"href":"https:\/\/skfks.pl\/index.php?rest_route=\/wp\/v2\/posts\/18654\/revisions"}],"predecessor-version":[{"id":18656,"href":"https:\/\/skfks.pl\/index.php?rest_route=\/wp\/v2\/posts\/18654\/revisions\/18656"}],"wp:attachment":[{"href":"https:\/\/skfks.pl\/index.php?rest_route=%2Fwp%2Fv2%2Fmedia&parent=18654"}],"wp:term":[{"taxonomy":"category","embeddable":true,"href":"https:\/\/skfks.pl\/index.php?rest_route=%2Fwp%2Fv2%2Fcategories&post=18654"},{"taxonomy":"post_tag","embeddable":true,"href":"https:\/\/skfks.pl\/index.php?rest_route=%2Fwp%2Fv2%2Ftags&post=18654"}],"curies":[{"name":"wp","href":"https:\/\/api.w.org\/{rel}","templated":true}]}}