{"id":17982,"date":"2013-05-11T08:18:21","date_gmt":"2013-05-11T08:18:21","guid":{"rendered":"http:\/\/skfks.pl\/?p=17982"},"modified":"2013-05-14T11:15:30","modified_gmt":"2013-05-14T11:15:30","slug":"17982","status":"publish","type":"post","link":"https:\/\/skfks.pl\/?p=17982","title":{"rendered":"Mateusz Kami\u0144ski: &#8222;Jest to dla nas wielki sukces&#8221; &#8211; zapraszamy do lektury rozmowy z zawodnikiem ZAKSY K\u0119dzierzyn Ko\u017ale"},"content":{"rendered":"<p><strong><a rel=\"attachment wp-att-17983\" href=\"http:\/\/skfks.pl\/?attachment_id=17983\"><img decoding=\"async\" loading=\"lazy\" class=\"aligncenter size-full wp-image-17983\" title=\"zdjecie\" src=\"http:\/\/skfks.pl\/wp-content\/uploads\/2013\/05\/zdjecie.jpg\" alt=\"\" width=\"728\" height=\"960\" srcset=\"https:\/\/skfks.pl\/wp-content\/uploads\/2013\/05\/zdjecie.jpg 728w, https:\/\/skfks.pl\/wp-content\/uploads\/2013\/05\/zdjecie-227x300.jpg 227w\" sizes=\"(max-width: 728px) 100vw, 728px\" \/><\/a><\/strong><\/p>\n<p><strong>Witam. Czy mo\u017ce si\u0119 Pan przedstawi\u0107 naszym czytelnikom?<\/strong><\/p>\n<p>Mateusz Kami\u0144ski: <em>Witam serdecznie, nazywam si\u0119 Mateusz Kami\u0144ski i jestem zawodnikiem M\u0142odej ZAKSY K\u0119dzierzyn-Ko\u017ale. Urodzi\u0142em si\u0119 i<\/em><br \/>\n<em>wychowa\u0142em w Poznaniu. Mieszkam w Suchym Lesie i tu te\u017c stawia\u0142em pierwsze kroki w siatk\u00f3wce<\/em><\/p>\n<p><strong>Jak zacz\u0119\u0142a si\u0119 Twoja przygoda ze sportem i dla czego postawi\u0142e\u015b w niej na siatk\u00f3wk\u0119?<\/strong><\/p>\n<p>M.K: <em>Od najm\u0142odszych lat uwielbia\u0142em sport. Pochodz\u0119 te\u017c z usportowionej rodziny. Tata gra\u0142 w siatk\u00f3wk\u0119, a mama w kosza. Przyzwyczajony<\/em><br \/>\n<em>jestem do ruchu i aktywno\u015bci fizycznej i nie potrafi\u0142bym bez tego \u017cy\u0107. Dlaczego siatk\u00f3wka? Du\u017cy jestem, mo\u017ce dlatego&#8230;<\/em><\/p>\n<p><strong>Tw\u00f3j Tata w przesz\u0142o\u015bci gra\u0142 w siatk\u00f3wk\u0119. Czy to mia\u0142o wp\u0142yw na Twoj\u0105 decyzj\u0119 o zaanga\u017cowaniu w\u0142a\u015bnie w t\u0105 dyscyplin\u0119?<\/strong><\/p>\n<p>M.K: <em>Oczywi\u015bcie. To tata by\u0142 moim pierwszym trenerem kt\u00f3ry na ogrodzie uczy\u0142 mnie odbija\u0107. To on prowadzi\u0142 mnie r\u00f3wnie\u017c na pierwsze treningi<\/em><br \/>\n<em>siatk\u00f3wki. I ju\u017c przez kilka dobrych lat wsp\u00f3lnie podzielamy t\u0119 pasj\u0119<\/em><\/p>\n<p><strong>Kto by\u0142 Twoim pierwszym trenerem?<\/strong><\/p>\n<p>M.K: <em>Pierwsze kroki stawia\u0142em w Suchym Lesie. Na powa\u017cnie zacz\u0105\u0142em dopiero trenowa\u0107 w UKS&#8217;ie Rataje pod okiem Zbigniewa Wo\u017aniaka<\/em><\/p>\n<p><strong>Na jakiej wyst\u0119pujesz boiskowej pozycji i co w Twoim odczuciu powinien prezentowa\u0107 zawodnik, aby dobrze sprawdza\u0107 si\u0119 w tej roli?<\/strong><\/p>\n<p>M.K: <em>Gram na pozycji rozgrywaj\u0105cego. W moim odczuciu rozgrywaj\u0105cy powinien \u0142\u0105czy\u0107 technik\u0119 i dok\u0142adno\u015b\u0107 z wyrachowaniem i ch\u0142odn\u0105<\/em><br \/>\n<em>g\u0142ow\u0105<\/em><\/p>\n<p><strong>W Poznaniu wyst\u0119powa\u0142e\u015b w klubie UKS Rataje ZSO 4 Pozna\u0144. Czym by\u0142y dla Ciebie wyst\u0119py w Poznaniu?<\/strong><\/p>\n<p>M.K: <em>Dzi\u0119ki meczom w Poznaniu przede wszystkim du\u017co si\u0119 nauczy\u0142em i nabra\u0142em do\u015bwiadczenia. Mia\u0142em okazje rozegra\u0107 tu troch\u0119 mecz\u00f3w, w<\/em><br \/>\n<em>r\u00f3\u017cnych rozgrywkach i na r\u00f3\u017cnych szczeblach. Du\u017co tu wygra\u0142em i przegra\u0142em, ale wydaje mi si\u0119, ze to by\u0142 <\/em><em>wa\u017cny etap kt\u00f3ry mnie ukszta\u0142towa\u0142. Bardzo mile wspominam ten czas i ludzi z kt\u00f3rymi mia\u0142em przyjemno\u015b\u0107 wsp\u00f3\u0142pracowa\u0107<\/em><\/p>\n<p><strong>Jakim trenerem jest Zbigniew Wo\u017aniak, kt\u00f3ry prowadzi\u0142 Ci\u0119 w Poznaniu?<\/strong><\/p>\n<p>M.K: <em>Na pewno ma \u015bwietne podej\u015bcie do m\u0142odzie\u017cy. Bardzo si\u0119 stara, \u017ceby zapewni\u0107 zawodnikom jak najlepsze warunki do trenowania. Zawsze stara\u0142<\/em><br \/>\n<em>si\u0119 wychwyci\u0107 i poprawia\u0107 nawet drobne szczeg\u00f3\u0142y. Po\u015bwi\u0119ca podopiecznym bardzo du\u017co czasu i uwagi. Bardzo dobrze wspominam prac\u0119 pod okiem trenera Wo\u017aniaka<\/em><\/p>\n<p><strong>Z Poznania trafi\u0142e\u015b do K\u0119dzierzyna Ko\u017ala. Jak do tego dosz\u0142o?<\/strong><\/p>\n<p>M.K: <em>Dwa lata temu dowiedzia\u0142em si\u0119, ze organizowany jest nab\u00f3r do &#8222;M\u0142odej Ligi&#8221; w K\u0119dzierzynie. Postanowi\u0142em spr\u00f3bowa\u0107 swoich si\u0142.<\/em><br \/>\n<em>Okaza\u0142o si\u0119, ze trener Micha\u0142 Chada\u0142a dojrza\u0142 we mnie potencja\u0142 i zaproponowa\u0142 wsp\u00f3\u0142prac\u0119<\/em>.<\/p>\n<p><strong>Czym dla Ciebie by\u0142 przeskok z siatk\u00f3wki w Poznaniu na t\u0105 w M\u0142odej Plus Lidze?<\/strong><\/p>\n<p>M.K: <em>Jest r\u00f3\u017cnica przede wszystkim w podej\u015bciu. W Poznaniu by\u0142o to traktowane jako dobra zabawa, w K\u0119dzierzynie jest to bardziej profesjonalne.<\/em><br \/>\n<em>Tu mamy do dyspozycji, opr\u00f3cz trenera Chada\u0142y, tak\u017ce trener\u00f3w od przygotowania fizycznego. Mamy postawiony jaki\u015b cel i wszyscy zawodnicy ci\u0119\u017cko pracuj\u0105 by go osi\u0105gn\u0105\u0107. <\/em><em>Bycie w K\u0119dzierzynie to tak\u017ce fantastyczna przygoda i zetkni\u0119cie z wielk\u0105 siatk\u00f3wk\u0105.<\/em><\/p>\n<p><strong>Sezon zako\u0144czyli\u015bcie z bardzo dobrym efektem. Mo\u017ce sam opowiedz jak do tego dosz\u0142o i jaki on jest?<\/strong><\/p>\n<p>M.K: <em>Po raz pierwszy w historii m\u0142odej ligi ZAKSA K\u0119dzierzyn zdoby\u0142a medal. W meczu o br\u0105z tych rozgrywek po bardzo ci\u0119\u017ckim i wyr\u00f3wnanym<\/em><br \/>\n<em>pojedynku uda\u0142o nam si\u0119 wygra\u0107 z zespo\u0142em ASSECO RESOVII Rzesz\u00f3w. <strong>Jest to dla nas wielki sukces<\/strong><\/em><\/p>\n<p><strong>Jak wygl\u0105da Tw\u00f3j codzienny pobyt w K\u0119dzierzynie?<\/strong><\/p>\n<p>M.K: <em>Jestem r\u00f3wnie\u017c studentem Politechniki Opolskiej i na co dzie\u0144 staram si\u0119 \u0142\u0105czy\u0107 gr\u0119 w siatk\u00f3wk\u0119 ze studiowaniem. Staram si\u0119 tak uk\u0142ada\u0107<\/em><br \/>\n<em>zaj\u0119cia, \u017ceby nie kolidowa\u0142y z treningami. A czas wolny sp\u0119dzam z regu\u0142y z kolegami z boiska<\/em><\/p>\n<p><strong>Przy okazji bardzo istotnego dla Twojej kariery sportowej pobytu w K\u0119dzierzynie nie spos\u00f3b nie zapyta\u0107 o nadzieje i szans\u0119 na<\/strong><br \/>\n<strong>pobyt w pierwszej dru\u017cynie. Co mo\u017cemy powiedzie\u0107 o tym?<\/strong><\/p>\n<p>M.K: <em>Dosta\u0142em w tym sezonie szans\u0119 bycia przy pierwszym zespole. Trenowa\u0142em ze starszymi kolegami podczas okresu przygotowawczego. Niestety nie<\/em><br \/>\n<em>dosta\u0142em szansy pokazania si\u0119 na parkietach Plus Ligi ze wzgl\u0119du na kontuzj\u0119 kt\u00f3ra towarzyszy\u0142a mi prawie ca\u0142y sezon.<\/em><\/p>\n<p><strong>Jaka atmosfera panuje w klubie i Waszej grupie?<\/strong><\/p>\n<p>M.K:<em> W klubie jest wielu ludzi kt\u00f3rzy s\u0105 nam przyja\u017ani i pomagaj\u0105 za\u0142atwia\u0107 nam wszystkie sprawy, tak aby\u015bmy mogli skupi\u0107 si\u0119 na trenowaniu. Je\u017celi<\/em><br \/>\n<em>chodzi o nasz\u0105 grup\u0119 to wydaje mi si\u0119, ze nie tylko jeste\u015bmy kolegami z boiska, ale i paczk\u0105 przyjaci\u00f3\u0142. Mieszkamy niedaleko siebie i sp\u0119dzamy ze sob\u0105 du\u017co<\/em><br \/>\n<em>czasu.<\/em><\/p>\n<p><strong>Czego nauczy\u0142e\u015b si\u0119 w czasie swojego pobytu w Poznaniu i K\u0119dzierzynie? Jakie na dzi\u015b s\u0105 Twoje sportowe osi\u0105gni\u0119cia?<\/strong><\/p>\n<p>M.K: <em>Wydaje mi si\u0119, ze nauczy\u0142em si\u0119 ci\u0119\u017ckiej pracy. Bo tylko dzi\u0119ki niej mo\u017cna si\u0119 rozwija\u0107 sportowo. Na dzie\u0144 dzisiejszy medal M\u0142odej Ligi<\/em><br \/>\n<em>to moje najwi\u0119ksze osi\u0105gni\u0119cie. Mia\u0142em r\u00f3wnie\u017c ich kilka na pla\u017cy (w ubieg\u0142ym sezonie na AMP-ach z kolegami z uczelni i w innych turniejach pla\u017cowych), a<\/em><br \/>\n<em>tak\u017ce dawno temu w UKS&#8217;ie i w rozgrywkach mi\u0119dzyszkolnych.<\/em><\/p>\n<p><strong>Jakie masz swoje sportowe cele i marzenia?<\/strong><\/p>\n<p>M.K:<em> Nie mam jakiego\u015b konkretnego celu. Chcia\u0142bym po prostu gra\u0107 jak najlepiej i rozwija\u0107 si\u0119, a cele b\u0119d\u0105 pojawia\u0107 si\u0119 same<\/em><\/p>\n<p><strong>Jaki Jeste\u015b poza boiskiem? Co lubisz robi\u0107 w czasie wolnym? Co jest dla Ciebie wa\u017cne w \u017cyciu?<\/strong><\/p>\n<p>M.K<strong>: <\/strong><em>Najwa\u017cniejsza na pewno jest dla mnie rodzina. Ka\u017cd\u0105 chwil\u0119 gdy wracam do domu staram si\u0119 sp\u0119dza\u0107 w\u0142a\u015bnie<\/em><br \/>\n<em>w gronie najbli\u017cszych. W czasie wolnym lubi\u0119 pogra\u0107 na komputerze i pos\u0142ucha\u0107 muzyki<\/em><\/p>\n<p><strong>Czego nale\u017cy \u017cyczy\u0107 Ci na kolejne sportowe dni i tygodnie?<\/strong><\/p>\n<p>M.K: <em>Wydaje mi si\u0119, ze zdrowia. Tego brakowa\u0142o mi w ubieg\u0142ym sezonie<\/em><\/p>\n<p><strong>Dzi\u0119kuj\u0119 za rozmow\u0119<\/strong><\/p>\n<p><em>Dzi\u0119kuj\u0119<\/em><\/p>\n","protected":false},"excerpt":{"rendered":"<p>Witam. Czy mo\u017ce si\u0119 Pan przedstawi\u0107 naszym czytelnikom? Mateusz Kami\u0144ski: Witam serdecznie, nazywam si\u0119 Mateusz Kami\u0144ski i jestem zawodnikiem M\u0142odej ZAKSY K\u0119dzierzyn-Ko\u017ale. Urodzi\u0142em si\u0119 i wychowa\u0142em w Poznaniu. Mieszkam w Suchym Lesie i tu te\u017c stawia\u0142em pierwsze kroki w siatk\u00f3wce Jak zacz\u0119\u0142a si\u0119 Twoja przygoda ze sportem i dla czego postawi\u0142e\u015b w niej na siatk\u00f3wk\u0119? [&hellip;]<\/p>\n","protected":false},"author":4,"featured_media":0,"comment_status":"closed","ping_status":"closed","sticky":false,"template":"","format":"standard","meta":{"ngg_post_thumbnail":0},"categories":[3,19],"tags":[],"_links":{"self":[{"href":"https:\/\/skfks.pl\/index.php?rest_route=\/wp\/v2\/posts\/17982"}],"collection":[{"href":"https:\/\/skfks.pl\/index.php?rest_route=\/wp\/v2\/posts"}],"about":[{"href":"https:\/\/skfks.pl\/index.php?rest_route=\/wp\/v2\/types\/post"}],"author":[{"embeddable":true,"href":"https:\/\/skfks.pl\/index.php?rest_route=\/wp\/v2\/users\/4"}],"replies":[{"embeddable":true,"href":"https:\/\/skfks.pl\/index.php?rest_route=%2Fwp%2Fv2%2Fcomments&post=17982"}],"version-history":[{"count":11,"href":"https:\/\/skfks.pl\/index.php?rest_route=\/wp\/v2\/posts\/17982\/revisions"}],"predecessor-version":[{"id":17986,"href":"https:\/\/skfks.pl\/index.php?rest_route=\/wp\/v2\/posts\/17982\/revisions\/17986"}],"wp:attachment":[{"href":"https:\/\/skfks.pl\/index.php?rest_route=%2Fwp%2Fv2%2Fmedia&parent=17982"}],"wp:term":[{"taxonomy":"category","embeddable":true,"href":"https:\/\/skfks.pl\/index.php?rest_route=%2Fwp%2Fv2%2Fcategories&post=17982"},{"taxonomy":"post_tag","embeddable":true,"href":"https:\/\/skfks.pl\/index.php?rest_route=%2Fwp%2Fv2%2Ftags&post=17982"}],"curies":[{"name":"wp","href":"https:\/\/api.w.org\/{rel}","templated":true}]}}