{"id":12729,"date":"2012-07-04T07:16:04","date_gmt":"2012-07-04T07:16:04","guid":{"rendered":"http:\/\/skfks.pl\/?p=12729"},"modified":"2012-07-04T07:16:04","modified_gmt":"2012-07-04T07:16:04","slug":"maria-wengierek-zaluje-ze-nie-zglosilam-sie-do-skfu-wczesniej-zapraszamy-do-lektury-wywiadu","status":"publish","type":"post","link":"https:\/\/skfks.pl\/?p=12729","title":{"rendered":"Maria Wengierek : &#8222;\u017ba\u0142uj\u0119, \u017ce nie zg\u0142osi\u0142am si\u0119 do SKFu wcze\u015bniej&#8221; &#8211; zapraszamy do lektury wywiadu"},"content":{"rendered":"<p><a rel=\"attachment wp-att-12731\" href=\"http:\/\/skfks.pl\/?attachment_id=12731\"><img decoding=\"async\" loading=\"lazy\" class=\"alignleft size-medium wp-image-12731\" title=\"marysia\" src=\"http:\/\/skfks.pl\/wp-content\/uploads\/2012\/07\/marysia-198x300.jpg\" alt=\"\" width=\"198\" height=\"300\" \/><\/a><\/p>\n<p><strong>Witaj. Jak zacz\u0119\u0142a si\u0119 Twoja przygoda ze sportem i dlaczego postawi\u0142a\u015b na siatk\u00f3wk\u0119 ?<\/strong><\/p>\n<p><em>Maria Wengierek<\/em>: Witam. \u00a0<em>Moja przygoda ze sportem zacz\u0119\u0142a si\u0119 w 3 klasie podstaw\u00f3wki, kiedy to posz\u0142am na zaj\u0119cia sekcji judo, kt\u00f3re odbywa\u0142y si\u0119 w mojej szkole, jednak\u017ce zrezygnowa\u0142am, g\u0142\u00f3wnie ze wzgl\u0119du na to, i\u017c by\u0142am jedyn\u0105 dziewczyn\u0105 na zaj\u0119ciach. <\/em><br \/>\n<em>Nast\u0119pnie moja mama zapisa\u0142a mnie na zaj\u0119cia koszyk\u00f3wki do MUKSu Pozna\u0144, lecz r\u00f3wnie\u017c musia\u0142am zrezygnowa\u0107, poniewa\u017c dziewczyny w moim wieku by\u0142y ju\u017c zgrane i nie nad\u0105\u017ca\u0142am za nimi. Latem zacz\u0119\u0142am \u017ceglowa\u0107 do klubie &#8222;Mewa&#8221; w Kiekrzu, lecz po kradzie\u017cy mojej \u0142odzi kolejne sportowe marzenia leg\u0142y w gruzach. Ostatecznie, w 5 klasie podstaw\u00f3wki kole\u017canka wzi\u0119\u0142a mnie na zaj\u0119cia siatk\u00f3wki i tak, od 7 lat, jestem wierna siatk\u00f3wce, poniewa\u017c zakocha\u0142am si\u0119 w tej dyscyplinie sportu. \ud83d\ude42<\/em><\/p>\n<p><strong>Czym jest dla Ciebie siatk\u00f3wka ?<\/strong><\/p>\n<p>M.W:<em> Siatk\u00f3wka jest dla mnie najwi\u0119kszym hobby i nie mog\u0119 bez niej \u017cy\u0107<\/em>.<\/p>\n<p><strong>Na jakiej wyst\u0119pujesz pozycji ?<\/strong><\/p>\n<p>M.W: <em>W klubie gra\u0142am na przyj\u0119ciu, za\u015b w Kadrze Wielkopolski na libero.<\/em><\/p>\n<p><strong>W sezonie 2012\/2013 b\u0119dziesz reprezentowa\u0107 barwy klubu SKF KS Pozna\u0144 po udanych dla Ciebie testach. Jak oceniasz swoje pierwsze chwile w klubie i jakie masz nadzieje na nowy sezon ?<\/strong><\/p>\n<p>M.W: <em>Moje pierwsze chwile oceniam bardzo pozytywnie, niekt\u00f3re dziewczyny kojarzy\u0142am ju\u017c wcze\u015bniej i tak jak my\u015bla\u0142am, s\u0105 bardzo sympatyczne. Mam nadzieje, \u017ce b\u0119dziemy si\u0119 dogadywa\u0107 nie tylko na boisku, ale te\u017c i po za nim. \ud83d\ude09<\/em><\/p>\n<p><strong>W przesz\u0142o\u015bci reprezentowa\u0142a\u015b barwy UKS &#8222;Chrobry&#8221; Pozna\u0144. Jak ocenisz ten czas ?<\/strong><\/p>\n<p>M.W: <em>Tak, reprezentowa\u0142am barwy Chrobrego przez jakie\u015b 4 lata. To tam stawia\u0142am pierwsze kroki, mam troch\u0119 osi\u0105gni\u0119\u0107 na swoim koncie. Do najwa\u017cniejszych nale\u017cy Mistrzostwo Wielkopolski m\u0142odziczek i awans do Mistrzostw Polski oraz reprezentowanie z ramienia Chrobrego naszego wojew\u00f3dztwa na Turnieju Nadziei Olimpijskich w Miliczu.<\/em><br \/>\n<em>Oceni\u0107 ca\u0142ego tego czasu jednoznacznie si\u0119 nie da. Kto wie jak potoczy\u0142a si\u0119 historia, wie o czym m\u00f3wi\u0119 i nie b\u0119d\u0119 tego rozwija\u0107&#8230;<\/em><\/p>\n<p><strong>Jakie masz nadzieje zwi\u0105zane z pobytem w SKF KS Pozna\u0144 ?<\/strong><\/p>\n<p>M.W: <em>Nadzieje na t\u0119 chwil\u0119 mam takie, aby po pierwsze zrobi\u0107 post\u0119py i gra\u0107 jak najwi\u0119cej. Dodatkowo chcia\u0142abym pozna\u0107 nowe zawodniczki w klubie i mo\u017ce poprzez jakie\u015b mecze spotka\u0107 kole\u017canki z dawnych lat.<\/em><\/p>\n<p><strong>Czym jest dla Ciebie perspektywa powrotu do gier ligowych ?<\/strong><\/p>\n<p>M.W:<em> Now\u0105 szans\u0105 na gr\u0119 na wy\u017cszym poziomie. \u017ba\u0142uj\u0119 tylko, \u017ce nie zg\u0142osi\u0142am si\u0119 do SKFu wcze\u015bniej.<\/em><\/p>\n<p><strong>Jaka Jeste\u015b poza boiskiem w \u017cyciu prywatnym ?<\/strong><\/p>\n<p>M.W: <em>Ci\u0119\u017cko powiedzie\u0107, ci\u0119\u017cko te\u017c mnie samej si\u0119 opisywa\u0107. Zreszt\u0105 to temat rzeka, po prostu trzeba mnie pozna\u0107. W skr\u00f3cie: weso\u0142a, szalona, idealistka, pomocna, kontaktowa.<\/em><\/p>\n<p><strong>Jak oceniasz plan przygotowa\u0144 zespo\u0142u SKF KS Pozna\u0144 do sezonu 2012\/2013 ? Dru\u017cyna wr\u00f3ci\u0142a po ponad dw\u00f3ch latach do Serii A trzeciej ligi, a waszym celem jest utrzymanie w lidze. Sta\u0107 Was na pozostanie w lidze ?<\/strong><\/p>\n<p>M.W: <em>Nie potrafi\u0119 teraz tego oceni\u0107, p\u00f3ki co nie znam zespo\u0142u na tle sportowym i nie znam ju\u017c te\u017c zespo\u0142\u00f3w graj\u0105cych w IIIA. Jednak mam nadziej\u0119 \u017ce wsp\u00f3lnie podo\u0142amy oczekiwaniom, chc\u0119 si\u0119 do tego przyczyni\u0107.<\/em><\/p>\n<p><strong>W dniach 8-9 wrze\u015bnia pod patronatem Prezydenta Miasta Poznania odb\u0119dzie si\u0119 IV Og\u00f3lnopolski turniej Otwarcia Sezonu w Pi\u0142ce Siatkowej kobiet. Czy uwa\u017casz, \u017ce takie imprezy s\u0105 potrzebne ?<\/strong><\/p>\n<p>M.W: <em>Tak, r\u00f3\u017cne turnieje przed rozpocz\u0119ciem sezonu mog\u0105 pom\u00f3c w zgraniu zespo\u0142u i powoli wprowadzi\u0107 w ligowy rytm. <\/em><\/p>\n<p><strong>Jak ocenisz dzia\u0142alno\u015b\u0107 klubowej strony internetowej ?<\/strong><\/p>\n<p>M.W: <em>Hehe, nie chc\u0119 si\u0119 tak podlizywa\u0107, ale strona klubowa jest bardzo ciekawa, cz\u0119sto dodawane s\u0105 nowe newsy i ciekawostki.<\/em><\/p>\n<p><strong>Czego nale\u017cy \u017cyczy\u0107 Ci na najbli\u017csze dni i tygodnie ?<\/strong><\/p>\n<p>M.W: <em>Prosz\u0119 \u017cyczy\u0107 mi dostania si\u0119 na wymarzone studia i znalezienia pracy \ud83d\ude42<\/em><\/p>\n<p><strong>Dzi\u0119kuj\u0119 za rozmow\u0119<\/strong><\/p>\n<p><em>R\u00f3wnie\u017c dzi\u0119kuj\u0119.<\/em><\/p>\n","protected":false},"excerpt":{"rendered":"<p>Witaj. Jak zacz\u0119\u0142a si\u0119 Twoja przygoda ze sportem i dlaczego postawi\u0142a\u015b na siatk\u00f3wk\u0119 ? Maria Wengierek: Witam. \u00a0Moja przygoda ze sportem zacz\u0119\u0142a si\u0119 w 3 klasie podstaw\u00f3wki, kiedy to posz\u0142am na zaj\u0119cia sekcji judo, kt\u00f3re odbywa\u0142y si\u0119 w mojej szkole, jednak\u017ce zrezygnowa\u0142am, g\u0142\u00f3wnie ze wzgl\u0119du na to, i\u017c by\u0142am jedyn\u0105 dziewczyn\u0105 na zaj\u0119ciach. Nast\u0119pnie moja [&hellip;]<\/p>\n","protected":false},"author":4,"featured_media":0,"comment_status":"closed","ping_status":"closed","sticky":false,"template":"","format":"standard","meta":{"ngg_post_thumbnail":0},"categories":[3,19],"tags":[],"_links":{"self":[{"href":"https:\/\/skfks.pl\/index.php?rest_route=\/wp\/v2\/posts\/12729"}],"collection":[{"href":"https:\/\/skfks.pl\/index.php?rest_route=\/wp\/v2\/posts"}],"about":[{"href":"https:\/\/skfks.pl\/index.php?rest_route=\/wp\/v2\/types\/post"}],"author":[{"embeddable":true,"href":"https:\/\/skfks.pl\/index.php?rest_route=\/wp\/v2\/users\/4"}],"replies":[{"embeddable":true,"href":"https:\/\/skfks.pl\/index.php?rest_route=%2Fwp%2Fv2%2Fcomments&post=12729"}],"version-history":[{"count":2,"href":"https:\/\/skfks.pl\/index.php?rest_route=\/wp\/v2\/posts\/12729\/revisions"}],"predecessor-version":[{"id":12733,"href":"https:\/\/skfks.pl\/index.php?rest_route=\/wp\/v2\/posts\/12729\/revisions\/12733"}],"wp:attachment":[{"href":"https:\/\/skfks.pl\/index.php?rest_route=%2Fwp%2Fv2%2Fmedia&parent=12729"}],"wp:term":[{"taxonomy":"category","embeddable":true,"href":"https:\/\/skfks.pl\/index.php?rest_route=%2Fwp%2Fv2%2Fcategories&post=12729"},{"taxonomy":"post_tag","embeddable":true,"href":"https:\/\/skfks.pl\/index.php?rest_route=%2Fwp%2Fv2%2Ftags&post=12729"}],"curies":[{"name":"wp","href":"https:\/\/api.w.org\/{rel}","templated":true}]}}