{"id":12598,"date":"2012-06-22T20:26:19","date_gmt":"2012-06-22T20:26:19","guid":{"rendered":"http:\/\/skfks.pl\/?p=12598"},"modified":"2012-06-22T20:26:19","modified_gmt":"2012-06-22T20:26:19","slug":"lista-osob-ktore-na-dzien-22-06-zdaly-karty-na-wyjazd-do-kamienia-krajenskiego","status":"publish","type":"post","link":"https:\/\/skfks.pl\/?p=12598","title":{"rendered":"Lista os\u00f3b, kt\u00f3re na dzie\u0144 22.06 zda\u0142y karty na wyjazd do Kamienia Kraje\u0144skiego"},"content":{"rendered":"<p><strong>Uprzejmie informujemy, \u017ce up\u0142yn\u0105\u0142 termin zdawania kart na wyjazd do Kamienia Kraje\u0144skiego. Na podstawie posiadanych kart kierownik wyjazdu Micha\u0142 Su\u0142kowski w dniu 22 czerwca podj\u0105\u0142 decyzj\u0119 o zakwalifikowaniu do udzia\u0142u w obozie nast\u0119puj\u0105cych os\u00f3b:<\/strong><\/p>\n<p>1. Olga Koenig<\/p>\n<p>2. Natalia \u015aliwi\u0144ska<\/p>\n<p>3. Katarzyna Czosnowska<\/p>\n<p>4. Agata Sklepik<\/p>\n<p>5. Maria Janas<\/p>\n<p>6. Aleksandra Ch\u0119ci\u0144ska<\/p>\n<p>7. Danuta Miko\u0142ajczak<\/p>\n<p>8. Marika Zgli\u0144ska<\/p>\n<p>9. Dagmara Weso\u0142owska<\/p>\n<p>10. Aleksandra K\u0119dzior<\/p>\n<p>11. Agata Terepka<\/p>\n<p>12. Natalia Maciejewska<\/p>\n<p>13. Marta Wawrzyniak<\/p>\n<p>14. Patrycja G\u0119balska<\/p>\n<p>15. Julia Napiera\u0142a<\/p>\n<p>16. Katarzyna Ciorga<\/p>\n<p>17. Emilia Pijanowska<\/p>\n<p>18. Klaudia Dro\u017adzik<\/p>\n<p>19. Maja Koz\u0142owska<\/p>\n<p>20. Barbara Pietrzak<\/p>\n<p>21. Julia Grudzi\u0144ska<\/p>\n<p>22. Anna \u015aniadek<\/p>\n<p>23. Alicja Stra\u0144czyk<\/p>\n<p>24. Anna Doczekalska<\/p>\n<p>25. Zofia Doczekalska<\/p>\n<p>26. Katarzyna Balicka<\/p>\n<p>27. Gabriela Klimek<\/p>\n<p><strong>Pozosta\u0142e osoby na li\u015bcie uczestniczek wci\u0105\u017c mog\u0105 uzupe\u0142ni\u0107 braki w dokumentach. Osoby, kt\u00f3re nie zda\u0142y kart obozowych prosimy o natychmiastowy kontakt z kierownikiem wyjazdu Micha\u0142em Su\u0142kowskim<\/strong><\/p>\n<p>&nbsp;<\/p>\n","protected":false},"excerpt":{"rendered":"<p>Uprzejmie informujemy, \u017ce up\u0142yn\u0105\u0142 termin zdawania kart na wyjazd do Kamienia Kraje\u0144skiego. Na podstawie posiadanych kart kierownik wyjazdu Micha\u0142 Su\u0142kowski w dniu 22 czerwca podj\u0105\u0142 decyzj\u0119 o zakwalifikowaniu do udzia\u0142u w obozie nast\u0119puj\u0105cych os\u00f3b: 1. Olga Koenig 2. Natalia \u015aliwi\u0144ska 3. Katarzyna Czosnowska 4. Agata Sklepik 5. Maria Janas 6. Aleksandra Ch\u0119ci\u0144ska 7. Danuta Miko\u0142ajczak [&hellip;]<\/p>\n","protected":false},"author":4,"featured_media":0,"comment_status":"closed","ping_status":"closed","sticky":false,"template":"","format":"standard","meta":{"ngg_post_thumbnail":0},"categories":[3,17],"tags":[],"_links":{"self":[{"href":"https:\/\/skfks.pl\/index.php?rest_route=\/wp\/v2\/posts\/12598"}],"collection":[{"href":"https:\/\/skfks.pl\/index.php?rest_route=\/wp\/v2\/posts"}],"about":[{"href":"https:\/\/skfks.pl\/index.php?rest_route=\/wp\/v2\/types\/post"}],"author":[{"embeddable":true,"href":"https:\/\/skfks.pl\/index.php?rest_route=\/wp\/v2\/users\/4"}],"replies":[{"embeddable":true,"href":"https:\/\/skfks.pl\/index.php?rest_route=%2Fwp%2Fv2%2Fcomments&post=12598"}],"version-history":[{"count":1,"href":"https:\/\/skfks.pl\/index.php?rest_route=\/wp\/v2\/posts\/12598\/revisions"}],"predecessor-version":[{"id":12599,"href":"https:\/\/skfks.pl\/index.php?rest_route=\/wp\/v2\/posts\/12598\/revisions\/12599"}],"wp:attachment":[{"href":"https:\/\/skfks.pl\/index.php?rest_route=%2Fwp%2Fv2%2Fmedia&parent=12598"}],"wp:term":[{"taxonomy":"category","embeddable":true,"href":"https:\/\/skfks.pl\/index.php?rest_route=%2Fwp%2Fv2%2Fcategories&post=12598"},{"taxonomy":"post_tag","embeddable":true,"href":"https:\/\/skfks.pl\/index.php?rest_route=%2Fwp%2Fv2%2Ftags&post=12598"}],"curies":[{"name":"wp","href":"https:\/\/api.w.org\/{rel}","templated":true}]}}