{"id":12450,"date":"2012-06-13T19:47:40","date_gmt":"2012-06-13T19:47:40","guid":{"rendered":"http:\/\/skfks.pl\/?p=12450"},"modified":"2012-06-19T07:57:40","modified_gmt":"2012-06-19T07:57:40","slug":"rozmowa-z-nowa-zawodniczka-zespolu-skf-ks-poznan-katarzyna-walczak","status":"publish","type":"post","link":"https:\/\/skfks.pl\/?p=12450","title":{"rendered":"Rozmowa z now\u0105 zawodniczk\u0105 zespo\u0142u SKF KS Pozna\u0144 Katarzyn\u0105 Walczak"},"content":{"rendered":"<p><strong>Witaj. Czy mo\u017cesz szerzej przedstawi\u0107 si\u0119 naszym czytelnikom ?<\/strong><\/p>\n<p>Katarzyna Walczak:<em> Nazywam si\u0119 Katarzyna Walczak pochodz\u0119 ze Szczecina. Do Poznania przyci\u0105gn\u0119\u0142y mnie studia, o kt\u00f3rych zawsze marzy\u0142am. Jednak w tym roku musia\u0142am przerwa\u0107 swoja nauk\u0119 w Akademii wychowania fizycznego, ale nie zamierzam si\u0119 tak \u0142atwo poddawa\u0107 i od nowego roku chc\u0119 wr\u00f3ci\u0107 na uczelnie.<\/em><\/p>\n<p><strong>Jak zacz\u0119\u0142a si\u0119 Twoja przygoda ze sportem i dlaczego postawi\u0142 w niej na siatk\u00f3wk\u0119 ?<\/strong><\/p>\n<p>K.W: <em>Ze sportem jestem zwi\u0105zana od ma\u0142ego. Ju\u017c od pocz\u0105tk\u00f3w szko\u0142y podstawowej mia\u0142am niewielkie sukcesy w p\u0142ywaniu. W p\u00f3\u017aniejszych latach by\u0142a pi\u0142ka r\u0119czna oraz biegi d\u0142ugodystansowe. Jednak \u017cadna z tych dyscyplin nie przyci\u0105gn\u0119\u0142a mojego zainteresowania tak bardzo jak siatk\u00f3wka. Historia z siatk\u00f3wka zacz\u0119\u0142a si\u0119 od gimnazjum gdzie trafi\u0142am do klasy sportowej o tym profilu. Szkolna dru\u017cyna podlega\u0142a pod Piasta Szczecin, jednak nie by\u0142o tam dla mnie miejsca gdy\u017c by\u0142y w klasie dziewczyny o du\u017co wy\u017csze ode mnie i graj\u0105ce ju\u017c par\u0119 lat, a ja jako pocz\u0105tkuj\u0105cy zawodnik nie mia\u0142am szans przebicie si\u0119. Jednak tak \u0142atwo si\u0119 nie podda\u0142am i od 2005 roku do\u0142\u0105czy\u0142am do Stowarzyszenia SALOS Szczecin. Tam trenowa\u0142am i stawia\u0142am pierwsze kroki w siatk\u00f3wce. Niestety w p\u00f3\u017aniejszych latach dru\u017cyna si\u0119 rozpad\u0142a. W ostatnim roku bra\u0142am udzia\u0142 w lidze amatorskiej prowadzona przez SALPS w Szczecinie. Dru\u017cyna nosi\u0142a nazw\u0119\u00a0\u00a0Radex Kamieniec i odnios\u0142a wiele zwyci\u0119skich mecz\u00f3w ale r\u00f3wnie\u017c zdarza\u0142y si\u0119 pora\u017cki.<\/em><\/p>\n<p><strong>Na jakiej wyst\u0119pujesz pozycji ?<\/strong><\/p>\n<p>K.W: <em>Moja pocz\u0105tkowa pozycj\u0105 by\u0142o rozegranie, jednak z czasem przesz\u0142am na pozycje przyjmuj\u0105cej.<\/em><\/p>\n<p><strong>Jak prze\u017cywasz swoje wyst\u0119py na boisku oraz sukcesy i pora\u017cki ?<\/strong><\/p>\n<p>K.W: <em>Na boisku staram si\u0119 walczy\u0107 zawsze do ko\u0144ca, ma\u0142o kiedy si\u0119 poddaj\u0119. Po ka\u017cdej pora\u017cce trzeba si\u0119 podnie\u015b i stara\u0107 si\u0119 wyeliminowa\u0107 b\u0142\u0119dy, a z ka\u017cdego sukcesu bardzo si\u0119 ciesz\u0119.<\/em><br \/>\n<strong> <\/strong><\/p>\n<p><strong>Co przekona\u0142o Ci\u0119 do reprezentowania barw klubu SKF KS Pozna\u0144 ? Jakie masz nadzieje zwi\u0105zane z wyst\u0119pami w Poznaniu ?<\/strong><\/p>\n<p>K.W: <em>Zmiana zamieszkania wi\u0105za\u0142a si\u0119 ze znalezieniem nowego klubu. Co mi si\u0119 uda\u0142o i mam nadzieje ze m\u00f3j wyb\u00f3r oka\u017c\u0119 si\u0119 znakomity.<\/em><\/p>\n<p><strong>Jak oceniasz swoje pierwsze chwile w klubie SKF KS Pozna\u0144 ?<\/strong><\/p>\n<p>K.W: <em>Mimo tego \u017ce zbli\u017ca si\u0119 zako\u0144czenie sezonu i tych trening\u00f3w jest niewiele to atmosfera w klubie jest bardzo fajna.<\/em><\/p>\n<p><em> <\/em><strong>Jaka Jeste\u015b poza boiskiem w \u017cyciu prywatnym ? Jak sp\u0119dzasz czas ? co lubisz robi\u0107 ?<\/strong><\/p>\n<p>K.W: <em>Jestem bardzo weso\u0142a czy na boisku czy po za nim. W wolnych chwilach staram si\u0119 bardziej pozna\u0107 Pozna\u0144. Uwielbiam zwierz\u0119ta a szczeg\u00f3lnie koty, niestety m\u00f3j ulubieniec zosta\u0142 w szczecinie ale staram si\u0119 go odwiedza\u0107 jak najcz\u0119\u015bciej tylko mog\u0119.<\/em><\/p>\n<p><em> <\/em><strong>Czego nale\u017cy \u017cyczy\u0107 Ci na najbli\u017csze dni i tygodnie ?<\/strong><\/p>\n<p>K.W: <em>Osi\u0105gni\u0119cia postawionych sobie cel\u00f3w.:)<\/em><\/p>\n<p><strong>Dzi\u0119kuj\u0119 za rozmow\u0119.<\/strong><\/p>\n<p>&nbsp;<\/p>\n","protected":false},"excerpt":{"rendered":"<p>Witaj. Czy mo\u017cesz szerzej przedstawi\u0107 si\u0119 naszym czytelnikom ? Katarzyna Walczak: Nazywam si\u0119 Katarzyna Walczak pochodz\u0119 ze Szczecina. Do Poznania przyci\u0105gn\u0119\u0142y mnie studia, o kt\u00f3rych zawsze marzy\u0142am. Jednak w tym roku musia\u0142am przerwa\u0107 swoja nauk\u0119 w Akademii wychowania fizycznego, ale nie zamierzam si\u0119 tak \u0142atwo poddawa\u0107 i od nowego roku chc\u0119 wr\u00f3ci\u0107 na uczelnie. Jak [&hellip;]<\/p>\n","protected":false},"author":4,"featured_media":0,"comment_status":"closed","ping_status":"closed","sticky":false,"template":"","format":"standard","meta":{"ngg_post_thumbnail":0},"categories":[3,19],"tags":[],"_links":{"self":[{"href":"https:\/\/skfks.pl\/index.php?rest_route=\/wp\/v2\/posts\/12450"}],"collection":[{"href":"https:\/\/skfks.pl\/index.php?rest_route=\/wp\/v2\/posts"}],"about":[{"href":"https:\/\/skfks.pl\/index.php?rest_route=\/wp\/v2\/types\/post"}],"author":[{"embeddable":true,"href":"https:\/\/skfks.pl\/index.php?rest_route=\/wp\/v2\/users\/4"}],"replies":[{"embeddable":true,"href":"https:\/\/skfks.pl\/index.php?rest_route=%2Fwp%2Fv2%2Fcomments&post=12450"}],"version-history":[{"count":6,"href":"https:\/\/skfks.pl\/index.php?rest_route=\/wp\/v2\/posts\/12450\/revisions"}],"predecessor-version":[{"id":12556,"href":"https:\/\/skfks.pl\/index.php?rest_route=\/wp\/v2\/posts\/12450\/revisions\/12556"}],"wp:attachment":[{"href":"https:\/\/skfks.pl\/index.php?rest_route=%2Fwp%2Fv2%2Fmedia&parent=12450"}],"wp:term":[{"taxonomy":"category","embeddable":true,"href":"https:\/\/skfks.pl\/index.php?rest_route=%2Fwp%2Fv2%2Fcategories&post=12450"},{"taxonomy":"post_tag","embeddable":true,"href":"https:\/\/skfks.pl\/index.php?rest_route=%2Fwp%2Fv2%2Ftags&post=12450"}],"curies":[{"name":"wp","href":"https:\/\/api.w.org\/{rel}","templated":true}]}}