{"id":12337,"date":"2012-06-22T09:49:14","date_gmt":"2012-06-22T09:49:14","guid":{"rendered":"http:\/\/skfks.pl\/?p=12337"},"modified":"2012-06-22T07:39:16","modified_gmt":"2012-06-22T07:39:16","slug":"przerwa-wakacyjna-2","status":"publish","type":"post","link":"https:\/\/skfks.pl\/?p=12337","title":{"rendered":"Przerwa Wakacyjna !!!"},"content":{"rendered":"<p>Od dnia 22 Czerwca od godz. 20:00 obowi\u0105zuje przerwa wakacyjna w zaj\u0119ciach wszystkich sekcji siatkarek SKF KS Pozna\u0144.<\/p>\n<p><em>Wznowienie zaj\u0119\u0107 po przerwie wakacyjnej\u00a0nast\u0105pi\u00a0wed\u0142ug nast\u0119puj\u0105cego planu:<\/em><\/p>\n<p><strong>III Liga &#8211; <\/strong>od dnia 3 sierpnia 2012 roku.<\/p>\n<p><strong>M\u0142odziczki &#8211; <\/strong>od wyjazdu na ob\u00f3z letni do Kamienia Kraje\u0144skiego w dniu 20 sierpnia.<\/p>\n<p><strong>Kadetki &#8211; <\/strong>od wyjazdu na ob\u00f3z letni do Kamienia Kraje\u0144skiego w dniu 20 sierpnia.<\/p>\n<p><strong>Mini siatk\u00f3wka &#8211; <\/strong>od wyjazdu na ob\u00f3z letni do Kamienia Kraje\u0144skiego w dniu 20 sierpnia.<\/p>\n<p><strong>Juniorki &#8211; <\/strong>od wyjazdu na ob\u00f3z letni do Kamienia Kraje\u0144skiego w dniu 20 sierpnia.<\/p>\n<p><em>Wznowienie normalnego cyklu zaj\u0119\u0107 w salach treningowych zaplanowano od poniedzia\u0142ku 3 wrze\u015bnia 2012 roku.<\/em><\/p>\n","protected":false},"excerpt":{"rendered":"<p>Od dnia 22 Czerwca od godz. 20:00 obowi\u0105zuje przerwa wakacyjna w zaj\u0119ciach wszystkich sekcji siatkarek SKF KS Pozna\u0144. Wznowienie zaj\u0119\u0107 po przerwie wakacyjnej\u00a0nast\u0105pi\u00a0wed\u0142ug nast\u0119puj\u0105cego planu: III Liga &#8211; od dnia 3 sierpnia 2012 roku. M\u0142odziczki &#8211; od wyjazdu na ob\u00f3z letni do Kamienia Kraje\u0144skiego w dniu 20 sierpnia. Kadetki &#8211; od wyjazdu na ob\u00f3z letni [&hellip;]<\/p>\n","protected":false},"author":4,"featured_media":0,"comment_status":"closed","ping_status":"closed","sticky":false,"template":"","format":"standard","meta":{"ngg_post_thumbnail":0},"categories":[3,12,13,17,25,24,11,15],"tags":[],"_links":{"self":[{"href":"https:\/\/skfks.pl\/index.php?rest_route=\/wp\/v2\/posts\/12337"}],"collection":[{"href":"https:\/\/skfks.pl\/index.php?rest_route=\/wp\/v2\/posts"}],"about":[{"href":"https:\/\/skfks.pl\/index.php?rest_route=\/wp\/v2\/types\/post"}],"author":[{"embeddable":true,"href":"https:\/\/skfks.pl\/index.php?rest_route=\/wp\/v2\/users\/4"}],"replies":[{"embeddable":true,"href":"https:\/\/skfks.pl\/index.php?rest_route=%2Fwp%2Fv2%2Fcomments&post=12337"}],"version-history":[{"count":3,"href":"https:\/\/skfks.pl\/index.php?rest_route=\/wp\/v2\/posts\/12337\/revisions"}],"predecessor-version":[{"id":12587,"href":"https:\/\/skfks.pl\/index.php?rest_route=\/wp\/v2\/posts\/12337\/revisions\/12587"}],"wp:attachment":[{"href":"https:\/\/skfks.pl\/index.php?rest_route=%2Fwp%2Fv2%2Fmedia&parent=12337"}],"wp:term":[{"taxonomy":"category","embeddable":true,"href":"https:\/\/skfks.pl\/index.php?rest_route=%2Fwp%2Fv2%2Fcategories&post=12337"},{"taxonomy":"post_tag","embeddable":true,"href":"https:\/\/skfks.pl\/index.php?rest_route=%2Fwp%2Fv2%2Ftags&post=12337"}],"curies":[{"name":"wp","href":"https:\/\/api.w.org\/{rel}","templated":true}]}}