{"id":12231,"date":"2012-05-12T08:16:32","date_gmt":"2012-05-12T08:16:32","guid":{"rendered":"http:\/\/skfks.pl\/?p=12231"},"modified":"2012-06-13T19:49:12","modified_gmt":"2012-06-13T19:49:12","slug":"letnie-zgrupowanie-w-zerkowie","status":"publish","type":"post","link":"https:\/\/skfks.pl\/?p=12231","title":{"rendered":"Letnie zgrupowanie w \u017berkowie"},"content":{"rendered":"<p>W dniach 10-12 sierpnia w \u017berkowie odb\u0119dzie si\u0119 letnie zgrupowanie zespo\u0142u trzecioligowego SKF KS Pozna\u0144.<\/p>\n<p>Zgrupowanie b\u0119dzie uzupe\u0142nieniem trening\u00f3w prowadzonych od dnia 3 sierpnia na w\u0142asnych obiektach.<\/p>\n<p><strong>Przypominamy, \u017ce dla zawodniczek zespo\u0142u trzecioligowego zgrupowanie ma charakter obowi\u0105zkowy.<\/strong><\/p>\n<p>Zgrupowanie rozpoczyna si\u0119 w pi\u0105tek 10 sierpnia o godz. 16:45 w \u017berkowie, a ko\u0144czy w dniu 12 sierpnia o godz. 17:00.<\/p>\n<p><em>Dojazd i powr\u00f3t ze zgrupowania nast\u0119puje we w\u0142asnym zakresie.<\/em><\/p>\n<p><em>Szczeg\u00f3\u0142owe informacje o zgrupowaniu i przygotowaniach do sezonu zosta\u0142y rozes\u0142ane zainteresowanym osobom na maila.<\/em><\/p>\n","protected":false},"excerpt":{"rendered":"<p>W dniach 10-12 sierpnia w \u017berkowie odb\u0119dzie si\u0119 letnie zgrupowanie zespo\u0142u trzecioligowego SKF KS Pozna\u0144. Zgrupowanie b\u0119dzie uzupe\u0142nieniem trening\u00f3w prowadzonych od dnia 3 sierpnia na w\u0142asnych obiektach. Przypominamy, \u017ce dla zawodniczek zespo\u0142u trzecioligowego zgrupowanie ma charakter obowi\u0105zkowy. Zgrupowanie rozpoczyna si\u0119 w pi\u0105tek 10 sierpnia o godz. 16:45 w \u017berkowie, a ko\u0144czy w dniu 12 sierpnia [&hellip;]<\/p>\n","protected":false},"author":4,"featured_media":0,"comment_status":"closed","ping_status":"closed","sticky":false,"template":"","format":"standard","meta":{"ngg_post_thumbnail":0},"categories":[3,11],"tags":[],"_links":{"self":[{"href":"https:\/\/skfks.pl\/index.php?rest_route=\/wp\/v2\/posts\/12231"}],"collection":[{"href":"https:\/\/skfks.pl\/index.php?rest_route=\/wp\/v2\/posts"}],"about":[{"href":"https:\/\/skfks.pl\/index.php?rest_route=\/wp\/v2\/types\/post"}],"author":[{"embeddable":true,"href":"https:\/\/skfks.pl\/index.php?rest_route=\/wp\/v2\/users\/4"}],"replies":[{"embeddable":true,"href":"https:\/\/skfks.pl\/index.php?rest_route=%2Fwp%2Fv2%2Fcomments&post=12231"}],"version-history":[{"count":3,"href":"https:\/\/skfks.pl\/index.php?rest_route=\/wp\/v2\/posts\/12231\/revisions"}],"predecessor-version":[{"id":12454,"href":"https:\/\/skfks.pl\/index.php?rest_route=\/wp\/v2\/posts\/12231\/revisions\/12454"}],"wp:attachment":[{"href":"https:\/\/skfks.pl\/index.php?rest_route=%2Fwp%2Fv2%2Fmedia&parent=12231"}],"wp:term":[{"taxonomy":"category","embeddable":true,"href":"https:\/\/skfks.pl\/index.php?rest_route=%2Fwp%2Fv2%2Fcategories&post=12231"},{"taxonomy":"post_tag","embeddable":true,"href":"https:\/\/skfks.pl\/index.php?rest_route=%2Fwp%2Fv2%2Ftags&post=12231"}],"curies":[{"name":"wp","href":"https:\/\/api.w.org\/{rel}","templated":true}]}}