{"id":12214,"date":"2012-05-24T20:35:49","date_gmt":"2012-05-24T20:35:49","guid":{"rendered":"http:\/\/skfks.pl\/?p=12214"},"modified":"2012-05-24T20:35:49","modified_gmt":"2012-05-24T20:35:49","slug":"czas-wyborow-w-wzps","status":"publish","type":"post","link":"https:\/\/skfks.pl\/?p=12214","title":{"rendered":"Czas wybor\u00f3w w WZPS"},"content":{"rendered":"<p>Ostatnie dwa majowe weekendy obfitowa\u0142y w przeprowadzanie wybor\u00f3w.<\/p>\n<div>\n<div><strong>11 maja 2012 r. wybrano RAD\u0118 TRENER\u00d3W w sk\u0142adzie :<\/strong><\/div>\n<div><strong><br \/>\n<\/strong><\/div>\n<div><strong>JANUSZ POLASZEK \u00a0&#8211; \u00a0PRZEWODNICZ\u0104CY<\/strong><\/div>\n<div>Andrzej ZAPA\u015aNIK<\/div>\n<div>Marek Tuszy\u0144ski<\/div>\n<div>Andrzej Malczewski<\/div>\n<div>Jaros\u0142aw MLECZAK<\/p>\n<\/div>\n<div><strong>12 maja 2012 r. wybrano WYDZIA\u0141 S\u0118DZIOWSKI WZPS Pozna\u0144 w sk\u0142adzie :<\/p>\n<p><\/strong><\/div>\n<div><strong>JACEK BRO\u0143SKI \u00a0 &#8211; \u00a0 PRZEWODNICZ\u0104CY<\/strong><\/div>\n<div>Pawe\u0142 MORAWSKI \u00a0 &#8211; Zast\u0119pca Przewodnicz\u0105cego<\/div>\n<div>Dariusz CHADYNIAK<\/div>\n<div>Jerzy JANECKI<\/div>\n<div>Tomasz MANSZEWSKI<\/div>\n<div>R\u00f3\u017ca WACHOWSKA<\/div>\n<div>Dawid TRAFANKOWSKI<\/div>\n<div>Antoni KU\u015a<\/div>\n<div>Andrzej KACZMAREK<\/div>\n<div>Bartosz \u015aWIST<\/div>\n<div>Maciej KWIATKOWSKI<\/p>\n<\/div>\n<div><strong>19 maja 2012 r. wybrano PREZESA WZPS oraz nowy Zarz\u0105d na kadencj\u0119 2012 &#8211; 2016 :<\/strong><\/div>\n<div><strong><br \/>\n<\/strong><\/div>\n<div><strong>DAMIAN GAPI\u0143SKI PREZES<\/strong><\/div>\n<div><strong><br \/>\n<\/strong><\/div>\n<div>Rados\u0142aw CIEMI\u0118GA<\/div>\n<div>W\u0142odzimierz WINKLER<\/div>\n<div>Piotr JANKOWSKI<\/div>\n<div>Tomasz BAKO\u015a<\/div>\n<div>Mariusz KRAWULSKI<\/div>\n<div>Ryszard FR\u0104CKOWIAK<\/div>\n<div>Piotr KARBOWIAK<\/div>\n<div>Ma\u0142gorzata KACZOROWSKA<\/div>\n<div>Ryszard B\u0141ASZCZYK<\/div>\n<div>Jan NOWACZY\u0143SKI<\/p>\n<\/div>\n<div><strong>Zgodnie ze statutem WZPS sk\u0142ad Zarz\u0105du uzupe\u0142ni\u0105 :<\/strong><\/div>\n<div><strong><br \/>\n<\/strong><\/div>\n<div>Jacek BRO\u0143SKI &#8211; Przewodnicz\u0105cy Wydzia\u0142u S\u0119dziowskiego<\/div>\n<div>Janusz POLASZEK &#8211; Przewodnicz\u0105cy Rady Trener\u00f3w<\/div>\n<\/div>\n<div><\/div>\n<div><em>\u017ar\u00f3d\u0142o: www.wzps,poznan.pl<\/em><\/div>\n","protected":false},"excerpt":{"rendered":"<p>Ostatnie dwa majowe weekendy obfitowa\u0142y w przeprowadzanie wybor\u00f3w. 11 maja 2012 r. wybrano RAD\u0118 TRENER\u00d3W w sk\u0142adzie : JANUSZ POLASZEK \u00a0&#8211; \u00a0PRZEWODNICZ\u0104CY Andrzej ZAPA\u015aNIK Marek Tuszy\u0144ski Andrzej Malczewski Jaros\u0142aw MLECZAK 12 maja 2012 r. wybrano WYDZIA\u0141 S\u0118DZIOWSKI WZPS Pozna\u0144 w sk\u0142adzie : JACEK BRO\u0143SKI \u00a0 &#8211; \u00a0 PRZEWODNICZ\u0104CY Pawe\u0142 MORAWSKI \u00a0 &#8211; Zast\u0119pca Przewodnicz\u0105cego Dariusz [&hellip;]<\/p>\n","protected":false},"author":4,"featured_media":0,"comment_status":"closed","ping_status":"closed","sticky":false,"template":"","format":"standard","meta":{"ngg_post_thumbnail":0},"categories":[3,17],"tags":[],"_links":{"self":[{"href":"https:\/\/skfks.pl\/index.php?rest_route=\/wp\/v2\/posts\/12214"}],"collection":[{"href":"https:\/\/skfks.pl\/index.php?rest_route=\/wp\/v2\/posts"}],"about":[{"href":"https:\/\/skfks.pl\/index.php?rest_route=\/wp\/v2\/types\/post"}],"author":[{"embeddable":true,"href":"https:\/\/skfks.pl\/index.php?rest_route=\/wp\/v2\/users\/4"}],"replies":[{"embeddable":true,"href":"https:\/\/skfks.pl\/index.php?rest_route=%2Fwp%2Fv2%2Fcomments&post=12214"}],"version-history":[{"count":2,"href":"https:\/\/skfks.pl\/index.php?rest_route=\/wp\/v2\/posts\/12214\/revisions"}],"predecessor-version":[{"id":12217,"href":"https:\/\/skfks.pl\/index.php?rest_route=\/wp\/v2\/posts\/12214\/revisions\/12217"}],"wp:attachment":[{"href":"https:\/\/skfks.pl\/index.php?rest_route=%2Fwp%2Fv2%2Fmedia&parent=12214"}],"wp:term":[{"taxonomy":"category","embeddable":true,"href":"https:\/\/skfks.pl\/index.php?rest_route=%2Fwp%2Fv2%2Fcategories&post=12214"},{"taxonomy":"post_tag","embeddable":true,"href":"https:\/\/skfks.pl\/index.php?rest_route=%2Fwp%2Fv2%2Ftags&post=12214"}],"curies":[{"name":"wp","href":"https:\/\/api.w.org\/{rel}","templated":true}]}}