{"id":12123,"date":"2012-05-21T00:06:39","date_gmt":"2012-05-21T00:06:39","guid":{"rendered":"http:\/\/skfks.pl\/?p=12123"},"modified":"2012-06-04T21:06:37","modified_gmt":"2012-06-04T21:06:37","slug":"wroclaw-2012-oraz-mini-siatkowka-w-szamotulach-czyli-za-nami-siatkarski-weekend-skf-ks-poznan","status":"publish","type":"post","link":"https:\/\/skfks.pl\/?p=12123","title":{"rendered":"Wroc\u0142aw 2012 oraz mini siatk\u00f3wka w Szamotu\u0142ach, czyli za nami siatkarski weekend SKF KS Pozna\u0144 !"},"content":{"rendered":"<p>W miniony weekend zespo\u0142y SKF KS Pozna\u0144 rozegra\u0142y ostatnie zawody w tegorocznym sezonie siatkarskim.<\/p>\n<p>Do Szamotu\u0142 wczesnym rankiem pojecha\u0142a grupa mini siatkarek, gdzie jak zawsze uda\u0142a si\u0119 r\u00f3wnie\u017c grupa rodzic\u00f3w.<\/p>\n<p>M\u0142ode siatkarki nie zaj\u0119\u0142y w Szamotu\u0142ach czo\u0142owych lokat, lecz wyst\u0105pi\u0142y w okrojonych sk\u0142adach i chodzi\u0142o o zdobywanie dalszego do\u015bwiadczenia na przysz\u0142o\u015b\u0107, bowiem \u00a0w\u0142a\u015bnie przed najm\u0142odszymi zawodniczkami stoi du\u017ca przysz\u0142o\u015bc, a jej pocz\u0105tkiem s\u0105 turnieje, kt\u00f3re s\u0142u\u017c\u0105 nabywaniu do\u015bwadczenia tak by\u0142o w\u0142a\u015bnie w Szamotu\u0142ach, gdzie m\u0142ode i ambitnie graj\u0105ce zawodniczki wygra\u0142y kilka spotka\u0144 co na pewno bardzo nas cieszy.<\/p>\n<p>Do Wroc\u0142awia wczesnym rankiem pojecha\u0142a grupa kadetek.<\/p>\n<p>Zawodniczki swoj\u0105 podr\u00f3\u017c rozpocz\u0119\u0142y od zbi\u00f3rki na Dworcu PKP, gdzie \u017cegna\u0142a je grupa rodzic\u00f3w.<\/p>\n<p>Po godzinie dziesi\u0105tej dru\u017cyna zosta\u0142a zakwaterowana przy ul. Parkowej we Wroc\u0142awiu i uda\u0142a si\u0119 na spotkania w fazie grupowej.<\/p>\n<p>Cztery sety naprawd\u0119 bardzo ambitnej walki pozwoli\u0142y na pokonanie Wroc\u0142awia oraz urwanie seta zespo\u0142owi z Jawora. W spotkaniu z Kadr\u0105 Opolskiego byli\u015bmy po prostu s\u0142absi.<\/p>\n<p>Wieczorem po kolacji zorganizowana zosta\u0142a wycieczka na Star\u00f3wk\u0119 we Wroc\u0142awiu, gdzie zawodniczki mia\u0142y okazj\u0119 do zobaczenia naprawd\u0119 pi\u0119knych miejsc.<\/p>\n<p>Niedzielny poranek przyni\u00f3s\u0142 szalenie dramatyczne spotkanie z udzia\u0142em naszego zespo\u0142u. Taka by\u0142a potyczka z K\u0119dzierzynem Ko\u017ale. W pierwszym secie ulegli\u015bmy 23:25, a w drugim wygrali\u015bmy po dramatycznej ko\u0144c\u00f3wce\u00a0wyr\u00f3wnuj\u0105c\u00a0stan spotkania na 1:1, aby ostatecznie wyra\u017anie ulec w secie trzecim, a tym samym w ca\u0142ym spotkaniu 1:2.<\/p>\n<p>W spotkaniu ko\u0144cz\u0105cym nasz udzia\u0142 w \u00a0turnieju po dw\u00f3ch setach ambitnej walki z obu stron by\u0142 remis 1:1. W trzecim secie\u00a0przegrywali\u015bmy\u00a0ju\u017c wysoko, lecz doszli\u015bmy na 13:14, ale nasz autowy atak zako\u0144czy\u0142 spotkanie pora\u017ck\u0105 1:2.<\/p>\n<p>W zawodach we Wroc\u0142awiu najlepsz\u0105 zawodniczk\u0105 w naszym zespole wybrana zosta\u0142a Alicja Stra\u0144czyk, kt\u00f3rej serdecznie gratulujemy !<\/p>\n<p>Zawodniczki z Poznania by\u0142y najm\u0142odsz\u0105 ekip\u0105 bior\u0105c\u0105 udzia\u0142 w zawodach co na pewno wp\u0142ywa\u0142o na ich postaw\u0119, ale do\u015bwiadczenie bardzo cenne, kt\u00f3re zbierane jest teraz ma da\u0107 bardzo dobre efekty w przysz\u0142o\u015bci. W co wszyscy gor\u0105co wierzymy.<\/p>\n<p>Pobyt we Wroc\u0142awiu to by\u0142 powr\u00f3t do miejsca, gdzie dru\u017cyna SKF KS Pozna\u0144 ju\u017c wcze\u015bniej gra\u0142a. Na zaproszenie serdecznego przyjaciela klubu trenera Tomasza Zdybka, kt\u00f3ry jako gospodarz imprezy dba\u0142 przez ca\u0142y weekend o sprawy organizacyjne oraz atmosfer\u0119 i uda\u0142o mu si\u0119 to wszystko z bardzo dobrym rezultatem.<\/p>\n<p>W niedziel\u0119 wieczorem zawodniczki wraz z opiekunami powr\u00f3ci\u0142y bezpiecznie do Poznania i zako\u0144czy\u0142y udzia\u0142 w zawodach.<\/p>\n<p><strong>Wyjazd do Wroc\u0142awia wsp\u00f3\u0142finansowany by\u0142 ze \u015brodk\u00f3w Wydzia\u0142u Sportu Miasta Poznania.<\/strong><\/p>\n<p>&nbsp;<\/p>\n<p>&nbsp;<\/p>\n<p>&nbsp;<\/p>\n","protected":false},"excerpt":{"rendered":"<p>W miniony weekend zespo\u0142y SKF KS Pozna\u0144 rozegra\u0142y ostatnie zawody w tegorocznym sezonie siatkarskim. Do Szamotu\u0142 wczesnym rankiem pojecha\u0142a grupa mini siatkarek, gdzie jak zawsze uda\u0142a si\u0119 r\u00f3wnie\u017c grupa rodzic\u00f3w. M\u0142ode siatkarki nie zaj\u0119\u0142y w Szamotu\u0142ach czo\u0142owych lokat, lecz wyst\u0105pi\u0142y w okrojonych sk\u0142adach i chodzi\u0142o o zdobywanie dalszego do\u015bwiadczenia na przysz\u0142o\u015b\u0107, bowiem \u00a0w\u0142a\u015bnie przed najm\u0142odszymi [&hellip;]<\/p>\n","protected":false},"author":4,"featured_media":0,"comment_status":"closed","ping_status":"closed","sticky":false,"template":"","format":"standard","meta":{"ngg_post_thumbnail":0},"categories":[3],"tags":[],"_links":{"self":[{"href":"https:\/\/skfks.pl\/index.php?rest_route=\/wp\/v2\/posts\/12123"}],"collection":[{"href":"https:\/\/skfks.pl\/index.php?rest_route=\/wp\/v2\/posts"}],"about":[{"href":"https:\/\/skfks.pl\/index.php?rest_route=\/wp\/v2\/types\/post"}],"author":[{"embeddable":true,"href":"https:\/\/skfks.pl\/index.php?rest_route=\/wp\/v2\/users\/4"}],"replies":[{"embeddable":true,"href":"https:\/\/skfks.pl\/index.php?rest_route=%2Fwp%2Fv2%2Fcomments&post=12123"}],"version-history":[{"count":6,"href":"https:\/\/skfks.pl\/index.php?rest_route=\/wp\/v2\/posts\/12123\/revisions"}],"predecessor-version":[{"id":12126,"href":"https:\/\/skfks.pl\/index.php?rest_route=\/wp\/v2\/posts\/12123\/revisions\/12126"}],"wp:attachment":[{"href":"https:\/\/skfks.pl\/index.php?rest_route=%2Fwp%2Fv2%2Fmedia&parent=12123"}],"wp:term":[{"taxonomy":"category","embeddable":true,"href":"https:\/\/skfks.pl\/index.php?rest_route=%2Fwp%2Fv2%2Fcategories&post=12123"},{"taxonomy":"post_tag","embeddable":true,"href":"https:\/\/skfks.pl\/index.php?rest_route=%2Fwp%2Fv2%2Ftags&post=12123"}],"curies":[{"name":"wp","href":"https:\/\/api.w.org\/{rel}","templated":true}]}}